{"id":7707,"date":"2024-01-20T16:45:16","date_gmt":"2024-01-20T16:45:16","guid":{"rendered":"http:\/\/www.friedensplattform.at\/?p=7707"},"modified":"2024-01-20T16:56:20","modified_gmt":"2024-01-20T16:56:20","slug":"zusammenstehen-i-standing-together-i-%d8%a7%d9%84%d9%88%d9%82%d9%88%d9%81-%d9%85%d8%b9%d8%a7-i-%d7%a2%d7%95%d7%9e%d7%93%d7%99%d7%9d-%d7%91%d7%99%d7%97%d7%93","status":"publish","type":"post","link":"https:\/\/www.friedensplattform.at\/?p=7707","title":{"rendered":"\u201eZusammenstehen I Standing Together I \u0627\u0644\u0648\u0642\u0648\u0641 \u0645\u0639\u0627 I \u05e2\u05d5\u05de\u05d3\u05d9\u05dd \u05d1\u05d9\u05d7\u05d3\u201c"},"content":{"rendered":"<div class=\"a2a_kit a2a_kit_size_32 addtoany_list\" data-a2a-url=\"https:\/\/kijuku.at\/initiativen\/zusammenstehen-i-standing-together-i-%d8%a7%d9%84%d9%88%d9%82%d9%88%d9%81-%d9%85%d8%b9%d8%a7-i-%d7%a2%d7%95%d7%9e%d7%93%d7%99%d7%9d-%d7%91%d7%99%d7%97%d7%93\/\" data-a2a-title=\"\u201eZusammenstehen I Standing Together I \u0627\u0644\u0648\u0642\u0648\u0641 \u0645\u0639\u0627 I \u05e2\u05d5\u05de\u05d3\u05d9\u05dd \u05d1\u05d9\u05d7\u05d3\u201c\">\n<p><a href=\"http:\/\/www.friedensplattform.at\/wp-content\/uploads\/2024\/01\/isabel-rede1.jpg\"><img loading=\"lazy\" decoding=\"async\" class=\"alignleft size-medium wp-image-7709\" src=\"http:\/\/www.friedensplattform.at\/wp-content\/uploads\/2024\/01\/isabel-rede1-300x165.jpg\" alt=\"\" width=\"300\" height=\"165\" srcset=\"https:\/\/www.friedensplattform.at\/wp-content\/uploads\/2024\/01\/isabel-rede1-300x165.jpg 300w, https:\/\/www.friedensplattform.at\/wp-content\/uploads\/2024\/01\/isabel-rede1-768x423.jpg 768w, https:\/\/www.friedensplattform.at\/wp-content\/uploads\/2024\/01\/isabel-rede1.jpg 1000w\" sizes=\"auto, (max-width: 300px) 100vw, 300px\" \/><\/a><\/p>\n<p>&nbsp;<\/p>\n<p><strong>Die deutschsprachige (sie wurde auch auf englisch gehalten) Rede von Isabel Frey bei den Kundgebungen \u201eMahnwache f\u00fcr die zivilen Opfer in Israel und Pal\u00e4stina\u201c.<\/strong> Zwischentitel von der Redaktion.<\/p>\n<\/div>\n<div class=\"single_content_wrapper text_standard\">\n<div class=\"clear\">\u00a0<!--more--><\/div>\n<p>Ich danke Ihnen allen, dass Sie heute hierher gekommen sind, um gemeinsam aller zivilen Opfer in Israel und Pal\u00e4stina zu gedenken und f\u00fcr Frieden und Menschlichkeit einzutreten. Ich denke, ich spreche im Namen vieler Menschen hier, wenn ich sage, dass die letzten Wochen absolut verheerend waren. F\u00fcr viele von uns waren sie nicht nur deshalb verheerend, weil wir oder unsere Freund:innen vielleicht Freund:innen oder Angeh\u00f6rige durch Terror und Krieg verloren haben, sondern auch, weil viele von uns den Raum verloren haben, um um alle zivilen Opfer zu trauern, ob sie nun Israelis oder Pal\u00e4stinenser:innen sind. Ich habe das Gef\u00fchl, dass es zu einer umstrittenen Position geworden ist, Empathie f\u00fcr alle Opfer von Gewalt zu empfinden, auch wenn sie zur \u201eanderen Seite\u201c geh\u00f6ren. Es ist zu einer umstrittenen Position geworden, sich gegen das T\u00f6ten unschuldiger Menschen zu stellen und ein Ende des Krieges zu fordern. Und es ist noch umstrittener geworden, sich gegen die Besatzung und f\u00fcr die Notwendigkeit eines gerechten Friedens in Israel und Pal\u00e4stina auszusprechen.<\/p>\n<div class=\"singeimage_wrapper\">\n<div class=\"singeimage\">\n<p><img loading=\"lazy\" decoding=\"async\" class=\"\" src=\"https:\/\/kijuku.at\/wp-content\/uploads\/isabel-rede8.jpg\" alt=\"Isabel Frey bei ihrer vielbeachteten Rede\" width=\"379\" height=\"198\" \/><\/p>\n<div class=\"slide_copyright\"><i class=\"fas fa-copyright\"><\/i> Heinz Wagner<\/div>\n<div class=\"slide_text\">Isabel Frey bei ihrer vielbeachteten Rede<\/div>\n<\/div>\n<\/div>\n<h2 class=\"wp-block-heading\">\u201eKrieg der Narrative\u201c<\/h2>\n<p>In den letzten Wochen habe ich oft daran gedacht, wie mein Vater mir den israelisch-pal\u00e4stinensischen Konflikt erkl\u00e4rte, als ich achtzehn Jahre alt war. Er nannte ihn einen \u201eKrieg der Narrative\u201c, die miteinander v\u00f6llig unvereinbar sind. Ich habe diese Unvereinbarkeit selbst erlebt, als ich mit einem Narrativ aufwuchs und dann von der Existenz eines anderen erfuhr. Ich bin in einer sozialistisch-zionistischen Jugendbewegung aufgewachsen, nicht weil meine Familie besonders zionistisch war, sondern weil dies die einzige M\u00f6glichkeit f\u00fcr ein s\u00e4kulares j\u00fcdisches Leben in Wien war, auch als Folge der Zerst\u00f6rung des j\u00fcdischen Lebens in der Stadt durch das Nazi-Regime. Bis ich 18 war, hatte ich das Wort \u201eBesatzung\u201c noch nie geh\u00f6rt. Als ich f\u00fcr ein Jahr nach Israel-Pal\u00e4stina kam, begann ich zum ersten Mal zu verstehen, dass mir und den anderen jungen Menschen in meiner Gemeinde nicht die ganze Geschichte erz\u00e4hlt worden war. Als ich 2013 von einer von Breaking the Silence organisierten Tour durch Hebron zur\u00fcckkehrte, rief ich meine Eltern unter Tr\u00e4nen an und fragte sie: \u201eWarum habt ihr mir das nicht gesagt?\u201c Seitdem bin ich eine Aktivistin gegen die Besatzung und f\u00fcr Gerechtigkeit, gleiche Rechte und Frieden f\u00fcr alle in Israel und Pal\u00e4stina.<\/p>\n<div class=\"singeimage_wrapper\">\n<div class=\"singeimage\">\n<p><img loading=\"lazy\" decoding=\"async\" class=\"\" src=\"https:\/\/kijuku.at\/wp-content\/uploads\/isabel-rede7.jpg\" alt=\"Isabel Frey bei ihrer vielbeachteten Rede\" width=\"391\" height=\"215\" \/><\/p>\n<div class=\"slide_copyright\"><i class=\"fas fa-copyright\"><\/i> Heinz Wagner<\/div>\n<div class=\"slide_text\">Isabel Frey bei ihrer vielbeachteten Rede<\/div>\n<\/div>\n<\/div>\n<h2 class=\"wp-block-heading\">Ver- und Erlernen<\/h2>\n<p>Das vergangene Jahrzehnt war auch ein erfreulicher, aber manchmal auch schmerzhafter Prozess des Lernens, zwischen den Erz\u00e4hlungen zu wechseln. Es war ein Prozess des Verlernens \u2013 des Verlernens vieler der Erz\u00e4hlungen, mit denen ich aufgewachsen war, des Verlernens meiner eigenen Vorurteile und des verinnerlichten Rassismus; und gleichzeitig ein Prozess des Lernens \u2013 des Lernens, zuzuh\u00f6ren und die Erz\u00e4hlungen anderer Menschen zu akzeptieren, und des Lernens, zwischen verschiedenen Erz\u00e4hlungen zu koexistieren. Ich habe daran gearbeitet, einen Raum f\u00fcr das J\u00fcdischsein zu schaffen, der Solidarit\u00e4t mit den Pal\u00e4stinenser:innen erm\u00f6glicht \u2013 Teil einer j\u00fcdischen Gemeinschaft zu sein und gleichzeitig die ethno-nationalistischen Tendenzen in ihr in Frage zu stellen und Teil einer breiteren nicht-j\u00fcdischen Linken zu sein, die das Recht der Israelis auf ein Leben in Sicherheit, Frieden und Selbstbestimmung akzeptiert und sich gegen alle Formen von Antisemitismus oder Judenhass wendet, w\u00e4hrend sie f\u00fcr eine gerechte und friedliche Zukunft f\u00fcr alle arbeitet. Diese Arbeit erforderte es, sich zwischen den Welten zu bewegen, die Worte sorgf\u00e4ltig zu w\u00e4hlen, und brachte es auch mit sich, dass ich mich dabei manchmal verbrannte. Aber ich blieb hartn\u00e4ckig, weil ich der Meinung war, dass es sich zutiefst lohnt.<\/p>\n<div class=\"singeimage_wrapper\">\n<div class=\"singeimage\">\n<p><img loading=\"lazy\" decoding=\"async\" class=\"\" src=\"https:\/\/kijuku.at\/wp-content\/uploads\/isabel-rede2.jpg\" alt=\"Isabel Frey bei ihrer vielbeachteten Rede\" width=\"374\" height=\"210\" \/><\/p>\n<div class=\"slide_copyright\"><i class=\"fas fa-copyright\"><\/i> Heinz Wagner<\/div>\n<div class=\"slide_text\">Isabel Frey bei ihrer vielbeachteten Rede<\/div>\n<\/div>\n<\/div>\n<h2 class=\"wp-block-heading\">Alles brach zusammen<\/h2>\n<p>Am 7. Oktober, seit dem Massaker der Hamas an israelischen Zivilist:innen in der Grenzregion des Gazastreifens, f\u00fchlte es sich an, als ob alle Errungenschaften meiner Arbeit der letzten zehn Jahre einfach in St\u00fccke zerbrachen. Es f\u00fchlte sich an, als ob alle Vermittlungskan\u00e4le, die ich aufgebaut hatte, pl\u00f6tzlich zusammenbrachen, als ob alle verst\u00e4ndnisvollen Ohren pl\u00f6tzlich aufgeh\u00f6rt hatten zuzuh\u00f6ren. Einige nichtj\u00fcdische Aktivist:innen, die ich als Verb\u00fcndete im Kampf f\u00fcr pal\u00e4stinensische Freiheit betrachtet hatte, weigerten sich, Worte der Trauer f\u00fcr die 1400 von der Hamas get\u00f6teten israelischen Zivilist:innen zu finden und legitimierten diese brutale Gewalt manchmal sogar als notwendigen Widerstand. Einige j\u00fcdische Menschen aus meiner Gemeinde, die bis dahin nie virulent gewesen waren, riefen pl\u00f6tzlich zur Rache an unschuldigen Zivilist:innen und zur Kriminalisierung jeglicher Pal\u00e4stina-Solidarit\u00e4tsaktivit\u00e4t auf. Ich f\u00fchlte mich hin- und hergerissen zwischen der Trauer um die von der Hamas get\u00f6teten und entf\u00fchrten Menschen, bei denen es sich manchmal um entfernte Verwandte handelte, die aber auch enge Freund:innen oder Familienangeh\u00f6rige h\u00e4tten sein k\u00f6nnen, und der Trauer um die unschuldigen Menschen, die in Gaza durch Israels wahllose Bombardierungen get\u00f6tet wurden und die nie mit einem anderen Namen als \u201eKollateralschaden\u201c bedacht oder anerkannt wurden. Aufgrund dieses Gef\u00fchls des Auseinanderfallens beschloss ich, eine Mahnwache zu organisieren, bei der es darum ging, zusammenzustehen, so schwierig das auch erscheinen mag.<\/p>\n<div class=\"singeimage_wrapper\">\n<div class=\"singeimage\">\n<p><img loading=\"lazy\" decoding=\"async\" class=\"\" src=\"https:\/\/kijuku.at\/wp-content\/uploads\/isabel-rede3.jpg\" alt=\"Isabel Frey bei ihrer vielbeachteten Rede\" width=\"423\" height=\"230\" \/><\/p>\n<div class=\"slide_copyright\"><i class=\"fas fa-copyright\"><\/i> Heinz Wagner<\/div>\n<div class=\"slide_text\">Isabel Frey bei ihrer vielbeachteten Rede<\/div>\n<\/div>\n<\/div>\n<h2 class=\"wp-block-heading\">Br\u00fccken bauen<\/h2>\n<p>Aber wie k\u00f6nnen wir in solchen Zeiten, in denen jeder Dialog oder jede gegenseitige Akzeptanz unm\u00f6glich erscheint, zusammenstehen? Es ist naiv zu glauben, dass wir die tiefen Gr\u00e4ben, die das j\u00fcdische und das pal\u00e4stinensische Volk so weit voneinander entfernt erscheinen lassen wie nie zuvor, vollst\u00e4ndig \u00fcberwinden k\u00f6nnen. Was wir jedoch tun k\u00f6nnen, ist, Br\u00fccken zu bauen, Br\u00fccken des Verst\u00e4ndnisses, die es erm\u00f6glichen, dass unterschiedliche Erz\u00e4hlungen, Geschichten und Traumata nebeneinander bestehen k\u00f6nnen. Wir m\u00fcssen verstehen, dass die schrecklichen Berichte \u00fcber das Massaker j\u00fcdische Menschen weltweit an das Trauma jahrhundertelanger antisemitischer Gewalt in Europa und deren v\u00f6lkerm\u00f6rderischen H\u00f6hepunkt in der Shoah erinnern. Wir m\u00fcssen verstehen, dass die Bilder von hunderttausenden Menschen im Gazastreifen, die ihre Heimat verlassen, die Pal\u00e4stinenser:innen weltweit an die Massenvertreibung und ethnische S\u00e4uberung erinnern, die sie seit Beginn der Nakba, der Katastrophe, bis zur Gr\u00fcndung des Staates Israel durchlebt haben. Verstehen, dass die Angst vor antisemitischen Angriffen die in Wien lebenden Juden und J\u00fcdinnen an die Zerst\u00f6rung j\u00fcdischen Lebens in dieser Stadt w\u00e4hrend des Naziregimes erinnert. Verstehen, dass in Wien lebende Pal\u00e4stinenser:innen, die die israelische Flagge auf dem Dach des Bundeskanzleramtes sehen, w\u00e4hrend sie als Hamas-Anh\u00e4nger:innen kriminalisiert werden, weil sie um ihre in Gaza get\u00f6teten Verwandten und Freund:innen trauern wollen, sie an die jahrzehntelange Vernachl\u00e4ssigung und Unterdr\u00fcckung der individuellen und kollektiven Rechte ihres Volkes in Israel und der Welt erinnert.<\/p>\n<div class=\"singeimage_wrapper\">\n<div class=\"singeimage\">\n<p><img loading=\"lazy\" decoding=\"async\" class=\"\" src=\"https:\/\/kijuku.at\/wp-content\/uploads\/isabel-rede6.jpg\" alt=\"Isabel Frey bei ihrer vielbeachteten Rede\" width=\"393\" height=\"212\" \/><\/p>\n<div class=\"slide_copyright\"><i class=\"fas fa-copyright\"><\/i> Heinz Wagner<\/div>\n<div class=\"slide_text\">Isabel Frey bei ihrer vielbeachteten Rede<\/div>\n<\/div>\n<\/div>\n<h2 class=\"wp-block-heading\">Zusamenstehen<\/h2>\n<p>Verstehen ist nicht gleichbedeutend damit, gleich zu werden. Es setzt nicht voraus, dass man die Erz\u00e4hlung eines\/einer anderen vollst\u00e4ndig akzeptiert und seine eigene aufgibt. Es bedeutet einfach, diese unterschiedlichen Realit\u00e4ten nebeneinander bestehen zu lassen und M\u00f6glichkeiten zu finden, Br\u00fccken zwischen ihnen zu bauen. Ich glaube, dass wir alles tun m\u00fcssen, was wir k\u00f6nnen, um zu verhindern, dass wir noch weiter auseinander getrieben werden, und dass wir fest zusammenstehen m\u00fcssen gegen die T\u00f6tung unschuldiger Menschen, gegen Krieg, Besatzung, Massent\u00f6tungen und Massenvertreibungen, und dass wir auch in den schlimmsten Zeiten weiter zusammenstehen m\u00fcssen f\u00fcr Frieden, Gerechtigkeit und Sicherheit f\u00fcr alle Menschen, die in Israel und Pal\u00e4stina leben.<\/p>\n<div class=\"singeimage_wrapper\">\n<div class=\"singeimage\">\n<p><img loading=\"lazy\" decoding=\"async\" class=\"\" src=\"https:\/\/kijuku.at\/wp-content\/uploads\/isabel-rede4.jpg\" alt=\"Isabel Frey bei ihrer vielbeachteten Rede\" width=\"443\" height=\"249\" \/><\/p>\n<div class=\"slide_copyright\"><i class=\"fas fa-copyright\"><\/i> Heinz Wagner<\/div>\n<div class=\"slide_text\">Isabel Frey bei ihrer vielbeachteten Rede<\/div>\n<\/div>\n<\/div>\n<h2 class=\"wp-block-heading\">Israelische Aktivistin<\/h2>\n<p>Ich m\u00f6chte mit einem Zitat der israelischen Aktivistin Sahar Vardi schlie\u00dfen, das mich sehr ber\u00fchrt hat. Sie schreibt: \u201eWir, die Linken, werden oft einer doppelten Loyalit\u00e4t bezichtigt. Und an Tagen wie diesem sp\u00fcre ich das wirklich.\u201c Und weiter: \u201e[\u2026] Loyalit\u00e4t ist vielleicht nicht das richtige Wort. Es ist doppelter Schmerz, doppelter Herzschmerz, Sorge, Liebe. Es bedeutet, die Menschlichkeit von allen zu bewahren. Und das ist schwer. Es ist so schwer, hier Menschlichkeit zu haben. Es ist anstrengend, und es f\u00fchlt sich an, als ob die Welt dich immer wieder auffordert, loszulassen. Es ist so viel einfacher, \u201eeine Seite zu w\u00e4hlen\u201c \u2013 es ist fast egal, welche. Entscheiden Sie sich einfach f\u00fcr eine Seite und bleiben Sie dabei, um zumindest den Schmerz zu verringern, den Sie empfinden. Und zumindest das Gef\u00fchl, Teil einer Gruppe zu sein und nicht so allein mit all dem. Als ob das wirklich eine Option w\u00e4re. Als ob wir nicht verstehen w\u00fcrden, dass unsere Schmerzen miteinander verbunden sind.\u201c<\/p>\n<p><em>Hier unten geht es zu einem Bericht \u00fcber die Kundgebung, bei der Isabel Frey die obige Rede \u2013 dort auf Deutsch und Englisch \u2013 gehalten hat; mit Fotos und Videos.<\/em><\/p>\n<\/div>\n<p>Quelle: https:\/\/kijuku.at\/initiativen\/zusammenstehen-i-standing-together<\/p>\n","protected":false},"excerpt":{"rendered":"<p>&nbsp; Die deutschsprachige (sie wurde auch auf englisch gehalten) Rede von Isabel Frey bei den Kundgebungen \u201eMahnwache f\u00fcr die zivilen Opfer in Israel und Pal\u00e4stina\u201c. Zwischentitel von der Redaktion. \u00a0<\/p>\n","protected":false},"author":2,"featured_media":0,"comment_status":"open","ping_status":"open","sticky":false,"template":"","format":"standard","meta":{"footnotes":""},"categories":[1],"tags":[],"class_list":["post-7707","post","type-post","status-publish","format-standard","hentry","category-allgemein"],"_links":{"self":[{"href":"https:\/\/www.friedensplattform.at\/index.php?rest_route=\/wp\/v2\/posts\/7707","targetHints":{"allow":["GET"]}}],"collection":[{"href":"https:\/\/www.friedensplattform.at\/index.php?rest_route=\/wp\/v2\/posts"}],"about":[{"href":"https:\/\/www.friedensplattform.at\/index.php?rest_route=\/wp\/v2\/types\/post"}],"author":[{"embeddable":true,"href":"https:\/\/www.friedensplattform.at\/index.php?rest_route=\/wp\/v2\/users\/2"}],"replies":[{"embeddable":true,"href":"https:\/\/www.friedensplattform.at\/index.php?rest_route=%2Fwp%2Fv2%2Fcomments&post=7707"}],"version-history":[{"count":3,"href":"https:\/\/www.friedensplattform.at\/index.php?rest_route=\/wp\/v2\/posts\/7707\/revisions"}],"predecessor-version":[{"id":7715,"href":"https:\/\/www.friedensplattform.at\/index.php?rest_route=\/wp\/v2\/posts\/7707\/revisions\/7715"}],"wp:attachment":[{"href":"https:\/\/www.friedensplattform.at\/index.php?rest_route=%2Fwp%2Fv2%2Fmedia&parent=7707"}],"wp:term":[{"taxonomy":"category","embeddable":true,"href":"https:\/\/www.friedensplattform.at\/index.php?rest_route=%2Fwp%2Fv2%2Fcategories&post=7707"},{"taxonomy":"post_tag","embeddable":true,"href":"https:\/\/www.friedensplattform.at\/index.php?rest_route=%2Fwp%2Fv2%2Ftags&post=7707"}],"curies":[{"name":"wp","href":"https:\/\/api.w.org\/{rel}","templated":true}]}}