{"id":7767,"date":"2024-02-08T17:25:22","date_gmt":"2024-02-08T17:25:22","guid":{"rendered":"http:\/\/www.friedensplattform.at\/?p=7767"},"modified":"2024-02-11T07:52:56","modified_gmt":"2024-02-11T07:52:56","slug":"gaza-demo-am-10-2-um-15-00-graz-hauptbahnhof","status":"publish","type":"post","link":"https:\/\/www.friedensplattform.at\/?p=7767","title":{"rendered":"Gaza-Demo am 10.2. um 15.00 Graz Hauptbahnhof"},"content":{"rendered":"<p><a href=\"http:\/\/www.friedensplattform.at\/wp-content\/uploads\/2024\/02\/demo100224.jpeg\"><img loading=\"lazy\" decoding=\"async\" class=\"alignleft size-medium wp-image-7769\" src=\"http:\/\/www.friedensplattform.at\/wp-content\/uploads\/2024\/02\/demo100224-300x300.jpeg\" alt=\"\" width=\"300\" height=\"300\" srcset=\"https:\/\/www.friedensplattform.at\/wp-content\/uploads\/2024\/02\/demo100224-300x300.jpeg 300w, https:\/\/www.friedensplattform.at\/wp-content\/uploads\/2024\/02\/demo100224-150x150.jpeg 150w, https:\/\/www.friedensplattform.at\/wp-content\/uploads\/2024\/02\/demo100224-768x768.jpeg 768w, https:\/\/www.friedensplattform.at\/wp-content\/uploads\/2024\/02\/demo100224-1024x1024.jpeg 1024w, https:\/\/www.friedensplattform.at\/wp-content\/uploads\/2024\/02\/demo100224.jpeg 1080w\" sizes=\"auto, (max-width: 300px) 100vw, 300px\" \/><\/a>Liebe FriedensfreundInnen,der furchtbare Krieg gegen die Menschen in Gaza geht unvermindert weiter. Wie lange noch? Seit mehr als 4 Monaten leiden die Menschen in Gaza\u00a0 Wie viele Menschen m\u00fcssen noch sterben? Mehr als 27.000 Tote, mehr als 66.000 Verletzte. Wir m\u00fcssen weiterhin gemeinsam die Stimme erheben, wir d\u00fcrfen unsere Menschlichkeit nicht verlieren!Bitte kommt, jede Stimme, Deine Stimme z\u00e4hlt bei unserer <strong>Demonstration<\/strong> am <strong>Samstag den 10.2.2024 um 15.00 Uhr am Grazer Hauptbahnhof.<\/strong><\/p>\n<p>&nbsp;<\/p>\n<p>&nbsp;<\/p>\n<p>&nbsp;<\/p>\n<p>&nbsp;<\/p>\n<p>&nbsp;<\/p>\n<p>&nbsp;<\/p>\n<p>&nbsp;<\/p>\n","protected":false},"excerpt":{"rendered":"<p>Liebe FriedensfreundInnen,der furchtbare Krieg gegen die Menschen in Gaza geht unvermindert weiter. Wie lange noch? Seit mehr als 4 Monaten leiden die Menschen in Gaza\u00a0 Wie viele Menschen m\u00fcssen noch sterben? Mehr als 27.000 Tote, mehr als 66.000 Verletzte. Wir m\u00fcssen weiterhin gemeinsam die Stimme erheben, wir d\u00fcrfen unsere Menschlichkeit nicht verlieren!Bitte kommt, jede Stimme, &hellip; <a href=\"https:\/\/www.friedensplattform.at\/?p=7767\" class=\"more-link\"><span class=\"screen-reader-text\">Gaza-Demo am 10.2. um 15.00 Graz Hauptbahnhof<\/span> weiterlesen <span class=\"meta-nav\">&rarr;<\/span><\/a><\/p>\n","protected":false},"author":2,"featured_media":0,"comment_status":"open","ping_status":"open","sticky":false,"template":"","format":"standard","meta":{"footnotes":""},"categories":[1],"tags":[],"class_list":["post-7767","post","type-post","status-publish","format-standard","hentry","category-allgemein"],"_links":{"self":[{"href":"https:\/\/www.friedensplattform.at\/index.php?rest_route=\/wp\/v2\/posts\/7767","targetHints":{"allow":["GET"]}}],"collection":[{"href":"https:\/\/www.friedensplattform.at\/index.php?rest_route=\/wp\/v2\/posts"}],"about":[{"href":"https:\/\/www.friedensplattform.at\/index.php?rest_route=\/wp\/v2\/types\/post"}],"author":[{"embeddable":true,"href":"https:\/\/www.friedensplattform.at\/index.php?rest_route=\/wp\/v2\/users\/2"}],"replies":[{"embeddable":true,"href":"https:\/\/www.friedensplattform.at\/index.php?rest_route=%2Fwp%2Fv2%2Fcomments&post=7767"}],"version-history":[{"count":3,"href":"https:\/\/www.friedensplattform.at\/index.php?rest_route=\/wp\/v2\/posts\/7767\/revisions"}],"predecessor-version":[{"id":7775,"href":"https:\/\/www.friedensplattform.at\/index.php?rest_route=\/wp\/v2\/posts\/7767\/revisions\/7775"}],"wp:attachment":[{"href":"https:\/\/www.friedensplattform.at\/index.php?rest_route=%2Fwp%2Fv2%2Fmedia&parent=7767"}],"wp:term":[{"taxonomy":"category","embeddable":true,"href":"https:\/\/www.friedensplattform.at\/index.php?rest_route=%2Fwp%2Fv2%2Fcategories&post=7767"},{"taxonomy":"post_tag","embeddable":true,"href":"https:\/\/www.friedensplattform.at\/index.php?rest_route=%2Fwp%2Fv2%2Ftags&post=7767"}],"curies":[{"name":"wp","href":"https:\/\/api.w.org\/{rel}","templated":true}]}}