{"id":782,"date":"2009-03-17T23:26:17","date_gmt":"2009-03-17T21:26:17","guid":{"rendered":"http:\/\/www.luxorbis.org\/friedensplattform.at\/?p=782"},"modified":"2009-03-17T23:26:17","modified_gmt":"2009-03-17T21:26:17","slug":"demonstration-2832009-in-wien","status":"publish","type":"post","link":"https:\/\/www.friedensplattform.at\/?p=782","title":{"rendered":"Demonstration 28.3.2009 in Wien"},"content":{"rendered":"<div class=\"storycontent\">\n<p>F\u00fcr alle die\u00a0 zur Demonstration unter dem Motto \u201c<strong>Wir zahlen nicht f\u00fcr eure Krise<\/strong>\u201d am Samstag dem 28.03.2009 nach Wien fahren m\u00f6chten:<\/p>\n<p>Der \u00d6GB Steiermark stellt einen Bus (50 Sitzpl\u00e4tze) zur Verf\u00fcgung f\u00fcr alle die an der Demo in Wien teilnehmen wollen.<\/p>\n<p>Abfahrt ist am 28. M\u00e4rz 2009 um 10.00 Uhr vor dem \u00d6GB Haus, Karl Morre Stra\u00dfe 32, 8020 Graz<\/p>\n<p><strong>Anmeldung bis Mittwoch 25.M\u00e4rz 2009<br \/>\nbei Kollegin Rosalinde Mayer 0316-7071-209  oder Julia Gangl  0316-7071-211<\/strong><br \/>\nR\u00fcckfahrt nach der Veranstaltung um ca. 17.30 Uhr<br \/>\nAnkunft in Graz ca. 20.00 Uhr<\/div>\n","protected":false},"excerpt":{"rendered":"<p>F\u00fcr alle die\u00a0 zur Demonstration unter dem Motto \u201cWir zahlen nicht f\u00fcr eure Krise\u201d am Samstag dem 28.03.2009 nach Wien fahren m\u00f6chten: Der \u00d6GB Steiermark stellt einen Bus (50 Sitzpl\u00e4tze) zur Verf\u00fcgung f\u00fcr alle die an der Demo in Wien teilnehmen wollen. Abfahrt ist am 28. M\u00e4rz 2009 um 10.00 Uhr vor dem \u00d6GB Haus, &hellip; <a href=\"https:\/\/www.friedensplattform.at\/?p=782\" class=\"more-link\"><span class=\"screen-reader-text\">Demonstration 28.3.2009 in Wien<\/span> weiterlesen <span class=\"meta-nav\">&rarr;<\/span><\/a><\/p>\n","protected":false},"author":1,"featured_media":0,"comment_status":"open","ping_status":"open","sticky":false,"template":"","format":"standard","meta":{"footnotes":""},"categories":[1],"tags":[],"class_list":["post-782","post","type-post","status-publish","format-standard","hentry","category-allgemein"],"_links":{"self":[{"href":"https:\/\/www.friedensplattform.at\/index.php?rest_route=\/wp\/v2\/posts\/782","targetHints":{"allow":["GET"]}}],"collection":[{"href":"https:\/\/www.friedensplattform.at\/index.php?rest_route=\/wp\/v2\/posts"}],"about":[{"href":"https:\/\/www.friedensplattform.at\/index.php?rest_route=\/wp\/v2\/types\/post"}],"author":[{"embeddable":true,"href":"https:\/\/www.friedensplattform.at\/index.php?rest_route=\/wp\/v2\/users\/1"}],"replies":[{"embeddable":true,"href":"https:\/\/www.friedensplattform.at\/index.php?rest_route=%2Fwp%2Fv2%2Fcomments&post=782"}],"version-history":[{"count":0,"href":"https:\/\/www.friedensplattform.at\/index.php?rest_route=\/wp\/v2\/posts\/782\/revisions"}],"wp:attachment":[{"href":"https:\/\/www.friedensplattform.at\/index.php?rest_route=%2Fwp%2Fv2%2Fmedia&parent=782"}],"wp:term":[{"taxonomy":"category","embeddable":true,"href":"https:\/\/www.friedensplattform.at\/index.php?rest_route=%2Fwp%2Fv2%2Fcategories&post=782"},{"taxonomy":"post_tag","embeddable":true,"href":"https:\/\/www.friedensplattform.at\/index.php?rest_route=%2Fwp%2Fv2%2Ftags&post=782"}],"curies":[{"name":"wp","href":"https:\/\/api.w.org\/{rel}","templated":true}]}}