{"id":784,"date":"2009-03-18T23:12:14","date_gmt":"2009-03-18T21:12:14","guid":{"rendered":"http:\/\/www.luxorbis.org\/friedensplattform.at\/?p=784"},"modified":"2009-03-18T23:12:14","modified_gmt":"2009-03-18T21:12:14","slug":"kundgebung-am-grazer-hauptplatz","status":"publish","type":"post","link":"https:\/\/www.friedensplattform.at\/?p=784","title":{"rendered":"Kundgebung am Grazer Hauptplatz"},"content":{"rendered":"<p>KUNDGEBUNG zur Mobilisierung f\u00fcr die Demonstration am 28. M\u00e4rz 2009 in Wien unter dem Motto: &#8222;Wir zahlen nicht f\u00fcr eure Krise&#8220;<br \/>\n<strong>Fr. 20. M\u00e4rz 09<br \/>\nZeitpunkt: 16h00 bis 19h00 Uhr<br \/>\nOrt : Hauptplatz\/Ecke Sporgasse<\/strong><\/p>\n<p><a href=\"http:\/\/www.luxorbis.org\/friedensplattform.at\/wp-content\/uploads\/2009\/03\/wir-zahlen-nicht-fur-eure-krise.pdf\">Aufruf Demo Wien 28. M\u00e4rz<br \/>\n<\/a><\/p>\n","protected":false},"excerpt":{"rendered":"<p>KUNDGEBUNG zur Mobilisierung f\u00fcr die Demonstration am 28. M\u00e4rz 2009 in Wien unter dem Motto: &#8222;Wir zahlen nicht f\u00fcr eure Krise&#8220; Fr. 20. M\u00e4rz 09 Zeitpunkt: 16h00 bis 19h00 Uhr Ort : Hauptplatz\/Ecke Sporgasse Aufruf Demo Wien 28. M\u00e4rz<\/p>\n","protected":false},"author":1,"featured_media":0,"comment_status":"open","ping_status":"open","sticky":false,"template":"","format":"standard","meta":{"footnotes":""},"categories":[19],"tags":[],"class_list":["post-784","post","type-post","status-publish","format-standard","hentry","category-termine"],"_links":{"self":[{"href":"https:\/\/www.friedensplattform.at\/index.php?rest_route=\/wp\/v2\/posts\/784","targetHints":{"allow":["GET"]}}],"collection":[{"href":"https:\/\/www.friedensplattform.at\/index.php?rest_route=\/wp\/v2\/posts"}],"about":[{"href":"https:\/\/www.friedensplattform.at\/index.php?rest_route=\/wp\/v2\/types\/post"}],"author":[{"embeddable":true,"href":"https:\/\/www.friedensplattform.at\/index.php?rest_route=\/wp\/v2\/users\/1"}],"replies":[{"embeddable":true,"href":"https:\/\/www.friedensplattform.at\/index.php?rest_route=%2Fwp%2Fv2%2Fcomments&post=784"}],"version-history":[{"count":0,"href":"https:\/\/www.friedensplattform.at\/index.php?rest_route=\/wp\/v2\/posts\/784\/revisions"}],"wp:attachment":[{"href":"https:\/\/www.friedensplattform.at\/index.php?rest_route=%2Fwp%2Fv2%2Fmedia&parent=784"}],"wp:term":[{"taxonomy":"category","embeddable":true,"href":"https:\/\/www.friedensplattform.at\/index.php?rest_route=%2Fwp%2Fv2%2Fcategories&post=784"},{"taxonomy":"post_tag","embeddable":true,"href":"https:\/\/www.friedensplattform.at\/index.php?rest_route=%2Fwp%2Fv2%2Ftags&post=784"}],"curies":[{"name":"wp","href":"https:\/\/api.w.org\/{rel}","templated":true}]}}