{"id":789,"date":"2009-03-30T22:33:26","date_gmt":"2009-03-30T20:33:26","guid":{"rendered":"http:\/\/www.luxorbis.org\/friedensplattform.at\/?p=789"},"modified":"2009-03-30T22:33:26","modified_gmt":"2009-03-30T20:33:26","slug":"artikel-der-ag-friedensforschung-nein-zur-nato-nein-zum-krieg","status":"publish","type":"post","link":"https:\/\/www.friedensplattform.at\/?p=789","title":{"rendered":"Artikel der AG Friedensforschung: Nein zur Nato, Nein zum Krieg!"},"content":{"rendered":"<p>Dokumentiert: Ostermarsch-Aufrufe 2009 der Friedensbewegung. Teil 1: Baden-W\u00fcrttemberg, M\u00fcnchen, N\u00fcrnberg und Augsburg<\/p>\n<p>2009 finden in der Bundesrepublik wieder die traditionellen Osterm\u00e4rsche statt. Sie richten sich alle mehr oder weniger gegen den NATO-Jubil\u00e4umsgipfel, der nur eine Woche vor Ostern in Strasbourg und Baden-Baden stattfindet. Aus diesem Grund hat z.B. die Friedensbewegung Baden-W\u00fcrttembergs ihren Ostermarsch um eine Woche vorverlegt.<\/p>\n<p><a title=\"Uni Kassel\" href=\"http:\/\/www.uni-kassel.de\/fb5\/frieden\/bewegung\/Ostermarsch2009\/aufrufe1.html\" target=\"_blank\">Weiterlesen auf den Seiten der AG Friedensforschung<\/a><\/p>\n","protected":false},"excerpt":{"rendered":"<p>Dokumentiert: Ostermarsch-Aufrufe 2009 der Friedensbewegung. Teil 1: Baden-W\u00fcrttemberg, M\u00fcnchen, N\u00fcrnberg und Augsburg 2009 finden in der Bundesrepublik wieder die traditionellen Osterm\u00e4rsche statt. Sie richten sich alle mehr oder weniger gegen den NATO-Jubil\u00e4umsgipfel, der nur eine Woche vor Ostern in Strasbourg und Baden-Baden stattfindet. Aus diesem Grund hat z.B. die Friedensbewegung Baden-W\u00fcrttembergs ihren Ostermarsch um eine &hellip; <a href=\"https:\/\/www.friedensplattform.at\/?p=789\" class=\"more-link\"><span class=\"screen-reader-text\">Artikel der AG Friedensforschung: Nein zur Nato, Nein zum Krieg!<\/span> weiterlesen <span class=\"meta-nav\">&rarr;<\/span><\/a><\/p>\n","protected":false},"author":1,"featured_media":0,"comment_status":"open","ping_status":"open","sticky":false,"template":"","format":"standard","meta":{"footnotes":""},"categories":[1],"tags":[],"class_list":["post-789","post","type-post","status-publish","format-standard","hentry","category-allgemein"],"_links":{"self":[{"href":"https:\/\/www.friedensplattform.at\/index.php?rest_route=\/wp\/v2\/posts\/789","targetHints":{"allow":["GET"]}}],"collection":[{"href":"https:\/\/www.friedensplattform.at\/index.php?rest_route=\/wp\/v2\/posts"}],"about":[{"href":"https:\/\/www.friedensplattform.at\/index.php?rest_route=\/wp\/v2\/types\/post"}],"author":[{"embeddable":true,"href":"https:\/\/www.friedensplattform.at\/index.php?rest_route=\/wp\/v2\/users\/1"}],"replies":[{"embeddable":true,"href":"https:\/\/www.friedensplattform.at\/index.php?rest_route=%2Fwp%2Fv2%2Fcomments&post=789"}],"version-history":[{"count":0,"href":"https:\/\/www.friedensplattform.at\/index.php?rest_route=\/wp\/v2\/posts\/789\/revisions"}],"wp:attachment":[{"href":"https:\/\/www.friedensplattform.at\/index.php?rest_route=%2Fwp%2Fv2%2Fmedia&parent=789"}],"wp:term":[{"taxonomy":"category","embeddable":true,"href":"https:\/\/www.friedensplattform.at\/index.php?rest_route=%2Fwp%2Fv2%2Fcategories&post=789"},{"taxonomy":"post_tag","embeddable":true,"href":"https:\/\/www.friedensplattform.at\/index.php?rest_route=%2Fwp%2Fv2%2Ftags&post=789"}],"curies":[{"name":"wp","href":"https:\/\/api.w.org\/{rel}","templated":true}]}}