{"id":795,"date":"2009-03-30T22:47:51","date_gmt":"2009-03-30T20:47:51","guid":{"rendered":"http:\/\/www.luxorbis.org\/friedensplattform.at\/?p=795"},"modified":"2009-03-30T22:47:51","modified_gmt":"2009-03-30T20:47:51","slug":"eine-andere-welt-ist-moeglich-das-weltsozialforum-in-belem-2009","status":"publish","type":"post","link":"https:\/\/www.friedensplattform.at\/?p=795","title":{"rendered":"&quot;Eine andere Welt ist m&#246;glich.&quot; Das Weltsozialforum in Bel\u00e9m 2009"},"content":{"rendered":"<p>&#8222;Eine andere Welt ist m\u00f6glich.&#8220;<br \/>\nDas Weltsozialforum in Bel\u00e9m 2009<\/p>\n<p>Leo Gabriel:<br \/>\nAnders wirtschaften ist m\u00f6glich<br \/>\n(Filmpremiere)<\/p>\n<p>Begr\u00fc\u00dfung:<br \/>\nLandesr\u00e4tin Dr.in Bettina Vollath<\/p>\n<p>Donnerstag, 2. April 2009, 19:00 Uhr<br \/>\nISOP<br \/>\nDreihackengasse 2<br \/>\n8010 Graz<img loading=\"lazy\" decoding=\"async\" class=\"size-full wp-image-796 alignleft\" title=\"belem_2009\" src=\"http:\/\/www.luxorbis.org\/friedensplattform.at\/wp-content\/uploads\/2009\/03\/belem_2009.jpg\" alt=\"belem_2009\" width=\"383\" height=\"263\" \/><\/p>\n","protected":false},"excerpt":{"rendered":"<p>&#8222;Eine andere Welt ist m\u00f6glich.&#8220; Das Weltsozialforum in Bel\u00e9m 2009 Leo Gabriel: Anders wirtschaften ist m\u00f6glich (Filmpremiere) Begr\u00fc\u00dfung: Landesr\u00e4tin Dr.in Bettina Vollath Donnerstag, 2. April 2009, 19:00 Uhr ISOP Dreihackengasse 2 8010 Graz<\/p>\n","protected":false},"author":1,"featured_media":0,"comment_status":"open","ping_status":"open","sticky":false,"template":"","format":"standard","meta":{"footnotes":""},"categories":[7,19],"tags":[],"class_list":["post-795","post","type-post","status-publish","format-standard","hentry","category-asf-bewegung","category-termine"],"_links":{"self":[{"href":"https:\/\/www.friedensplattform.at\/index.php?rest_route=\/wp\/v2\/posts\/795","targetHints":{"allow":["GET"]}}],"collection":[{"href":"https:\/\/www.friedensplattform.at\/index.php?rest_route=\/wp\/v2\/posts"}],"about":[{"href":"https:\/\/www.friedensplattform.at\/index.php?rest_route=\/wp\/v2\/types\/post"}],"author":[{"embeddable":true,"href":"https:\/\/www.friedensplattform.at\/index.php?rest_route=\/wp\/v2\/users\/1"}],"replies":[{"embeddable":true,"href":"https:\/\/www.friedensplattform.at\/index.php?rest_route=%2Fwp%2Fv2%2Fcomments&post=795"}],"version-history":[{"count":0,"href":"https:\/\/www.friedensplattform.at\/index.php?rest_route=\/wp\/v2\/posts\/795\/revisions"}],"wp:attachment":[{"href":"https:\/\/www.friedensplattform.at\/index.php?rest_route=%2Fwp%2Fv2%2Fmedia&parent=795"}],"wp:term":[{"taxonomy":"category","embeddable":true,"href":"https:\/\/www.friedensplattform.at\/index.php?rest_route=%2Fwp%2Fv2%2Fcategories&post=795"},{"taxonomy":"post_tag","embeddable":true,"href":"https:\/\/www.friedensplattform.at\/index.php?rest_route=%2Fwp%2Fv2%2Ftags&post=795"}],"curies":[{"name":"wp","href":"https:\/\/api.w.org\/{rel}","templated":true}]}}