{"id":799,"date":"2009-03-30T22:54:00","date_gmt":"2009-03-30T20:54:00","guid":{"rendered":"http:\/\/www.luxorbis.org\/friedensplattform.at\/?p=799"},"modified":"2009-03-30T22:54:00","modified_gmt":"2009-03-30T20:54:00","slug":"eine-andere-welt-ist-moeglich-das-weltsozialforum-in-belem-2009-2","status":"publish","type":"post","link":"https:\/\/www.friedensplattform.at\/?p=799","title":{"rendered":"&quot;Eine andere Welt ist m&#246;glich.&quot; Das Weltsozialforum in Bel\u00e9m 2009"},"content":{"rendered":"<p>Liebe AktivistInnen,<br \/>\na) am Do. 2. April findet in der ISOP von 18 Uhr bis 19 Uhr  vor der Abendveranstaltung mit Leo zum Film\/Bericht vom WSF ein Sondierungsgespr\u00e4ch hinsichtlich eines n\u00e4chsten \u00d6sterr. Sozialforums ( Leoben) statt. Alle sind herzlich eingeladen.<br \/>\nb) am Sa. 4. 4. findet eine Kundgebung am Hauptplatz\/Ecke Sporgasse   von 14 Uhr bis 17 Uhr zum NATO -Gipfel statt.<\/p>\n<p><!--more--><\/p>\n<p>&#8222;Eine andere Welt ist m\u00f6glich.&#8220;<br \/>\nDas Weltsozialforum in Bel\u00e9m 2009<\/p>\n<p>Leo Gabriel:<br \/>\nAnders wirtschaften ist m\u00f6glich<br \/>\n(Filmpremiere)<\/p>\n<p>Begr\u00fc\u00dfung:<br \/>\nLandesr\u00e4tin Dr.in Bettina Vollath<\/p>\n<p>Donnerstag, 2. April 2009, 19:00 Uhr<br \/>\nISOP<br \/>\nDreihackengasse 2<br \/>\n8010 Graz<\/p>\n<p><img loading=\"lazy\" decoding=\"async\" class=\"aligncenter size-full wp-image-796\" title=\"belem_2009\" src=\"http:\/\/www.luxorbis.org\/friedensplattform.at\/wp-content\/uploads\/2009\/03\/belem_2009.jpg\" alt=\"belem_2009\" width=\"383\" height=\"263\" \/><\/p>\n","protected":false},"excerpt":{"rendered":"<p>Liebe AktivistInnen, a) am Do. 2. April findet in der ISOP von 18 Uhr bis 19 Uhr vor der Abendveranstaltung mit Leo zum Film\/Bericht vom WSF ein Sondierungsgespr\u00e4ch hinsichtlich eines n\u00e4chsten \u00d6sterr. Sozialforums ( Leoben) statt. Alle sind herzlich eingeladen. b) am Sa. 4. 4. findet eine Kundgebung am Hauptplatz\/Ecke Sporgasse von 14 Uhr bis &hellip; <a href=\"https:\/\/www.friedensplattform.at\/?p=799\" class=\"more-link\"><span class=\"screen-reader-text\">&quot;Eine andere Welt ist m&#246;glich.&quot; Das Weltsozialforum in Bel\u00e9m 2009<\/span> weiterlesen <span class=\"meta-nav\">&rarr;<\/span><\/a><\/p>\n","protected":false},"author":1,"featured_media":0,"comment_status":"open","ping_status":"open","sticky":false,"template":"","format":"standard","meta":{"footnotes":""},"categories":[7],"tags":[],"class_list":["post-799","post","type-post","status-publish","format-standard","hentry","category-asf-bewegung"],"_links":{"self":[{"href":"https:\/\/www.friedensplattform.at\/index.php?rest_route=\/wp\/v2\/posts\/799","targetHints":{"allow":["GET"]}}],"collection":[{"href":"https:\/\/www.friedensplattform.at\/index.php?rest_route=\/wp\/v2\/posts"}],"about":[{"href":"https:\/\/www.friedensplattform.at\/index.php?rest_route=\/wp\/v2\/types\/post"}],"author":[{"embeddable":true,"href":"https:\/\/www.friedensplattform.at\/index.php?rest_route=\/wp\/v2\/users\/1"}],"replies":[{"embeddable":true,"href":"https:\/\/www.friedensplattform.at\/index.php?rest_route=%2Fwp%2Fv2%2Fcomments&post=799"}],"version-history":[{"count":0,"href":"https:\/\/www.friedensplattform.at\/index.php?rest_route=\/wp\/v2\/posts\/799\/revisions"}],"wp:attachment":[{"href":"https:\/\/www.friedensplattform.at\/index.php?rest_route=%2Fwp%2Fv2%2Fmedia&parent=799"}],"wp:term":[{"taxonomy":"category","embeddable":true,"href":"https:\/\/www.friedensplattform.at\/index.php?rest_route=%2Fwp%2Fv2%2Fcategories&post=799"},{"taxonomy":"post_tag","embeddable":true,"href":"https:\/\/www.friedensplattform.at\/index.php?rest_route=%2Fwp%2Fv2%2Ftags&post=799"}],"curies":[{"name":"wp","href":"https:\/\/api.w.org\/{rel}","templated":true}]}}