{"id":8001,"date":"2024-04-29T14:39:46","date_gmt":"2024-04-29T14:39:46","guid":{"rendered":"http:\/\/www.friedensplattform.at\/?p=8001"},"modified":"2024-05-02T19:03:43","modified_gmt":"2024-05-02T19:03:43","slug":"rede-zur-verabschiedung-von-konrad-schoen-langjaehriges-mitglied-der-friedensplattform","status":"publish","type":"post","link":"https:\/\/www.friedensplattform.at\/?p=8001","title":{"rendered":"Rede zur Verabschiedung von Konrad Sch\u00f6n, langj\u00e4hriges Mitglied der Friedensplattform"},"content":{"rendered":"<p><b><a href=\"http:\/\/www.friedensplattform.at\/wp-content\/uploads\/2019\/07\/DSC_0056.jpg\"><img loading=\"lazy\" decoding=\"async\" class=\"alignleft size-medium wp-image-5109\" src=\"http:\/\/www.friedensplattform.at\/wp-content\/uploads\/2019\/07\/DSC_0056-300x199.jpg\" alt=\"\" width=\"300\" height=\"199\" srcset=\"https:\/\/www.friedensplattform.at\/wp-content\/uploads\/2019\/07\/DSC_0056-300x199.jpg 300w, https:\/\/www.friedensplattform.at\/wp-content\/uploads\/2019\/07\/DSC_0056-768x510.jpg 768w, https:\/\/www.friedensplattform.at\/wp-content\/uploads\/2019\/07\/DSC_0056-1024x680.jpg 1024w\" sizes=\"auto, (max-width: 300px) 100vw, 300px\" \/><\/a>Danke Konrad!<\/b><\/p>\n<p>Am 16. April starb Konrad Sch\u00f6n im Alter von 87 Jahren.\u00a0 Konrad war seit unserer Gr\u00fcndung vor Beginn des US-gef\u00fchrten Angriffskrieges auf den Irak im Jahr 2003 in der Steirsichen Friedensplattform aktiv. Bis 2021 \u00fcbernahm er Funktionen im Vereinsvorstand. Unser gemeinsames Band war das Bewu\u00dftsein, dass die Fragen des Friedens nicht von den tieferliegenden Fragen der Gerechtigkeit getrennt werden k\u00f6nnen und dieser Zusammenhang nur mehr im globalen Kontext gedacht werden kann.<\/p>\n<p><!--more--><\/p>\n<p>Konrad war ein eminent politischer Kopf. Das, so sagte er selbstkritisch von sich, sei er aber nicht immer gewesen. W\u00e4hrend seiner Berufslaufbahn als Techniker im mittleren Management der B\u00f6hler-Werke in Kapfenberg sei er &#8222;politisch problemlos und unengagiert&#8220; ein sozialdemokratischer Traditionsw\u00e4hler gewesen. Im Zuge der neoliberalen Umstrukturierung und des damit verbundenen Personalabbaus in der Verstaatlichten Indusrie wurde er in Pension geschickt. Er begann sich im globalen Kontext mit den historischen und gesellschaftlichen und politischen Problematiken hinter den von den politischen Eliten und den Massenmedien verbreiteten Meinungen\u00a0 kritisch auseinander zu setzen. Reichlich nutzte er dazu kritische\u00a0 Internetportale wie\u00a0 Indymedia, Nachdenkseiten, Rubikon und Telepolis. Er erkannte dabei die kriegstreibenden tiefen Widerspr\u00fcche unseres kapitalistischen Gesellschaftsmodels. Dieses Bewu\u00dftsein und die Verantwortung f\u00fcr unsere Nachkommen f\u00fchrten ihn immer wieder in ein bev\u00f6lkerungsnahes politische Handeln.<\/p>\n<p>Konrad \u00fcbernahm zahlreiche praktische Organisationsaufgaben. Viele unserer Transparente und Aktionskonstruktionen kamen aus einer &#8222;Werkstatt&#8220;. Bei unseren monatlichen Infost\u00e4nden- in der Grazer Innenstadt war er regelm\u00e4\u00dfig als Flugblattverteiler\u00a0 aktiv. Bei vielen unserer Diskussionsveranstaltungen meldete er sich mit Beitr\u00e4gen und Fragen zu Wort.<\/p>\n<p>Wir sind und bleiben ihm in gro\u00dfer Dankbarkeit verbunden!<\/p>\n<div class=\"moz-signature\">Die Steirische Friedensplattform<\/div>\n<div class=\"moz-signature\"><\/div>\n<div class=\"moz-signature\">&#8212;&#8212;&#8212;&#8212;&#8212;&#8212;- Franz S\u00f6lkner Am Lindenhof 7 8051 Thal Tel.: 0677 61392990<\/div>\n","protected":false},"excerpt":{"rendered":"<p>Danke Konrad! Am 16. April starb Konrad Sch\u00f6n im Alter von 87 Jahren.\u00a0 Konrad war seit unserer Gr\u00fcndung vor Beginn des US-gef\u00fchrten Angriffskrieges auf den Irak im Jahr 2003 in der Steirsichen Friedensplattform aktiv. Bis 2021 \u00fcbernahm er Funktionen im Vereinsvorstand. Unser gemeinsames Band war das Bewu\u00dftsein, dass die Fragen des Friedens nicht von den &hellip; <a href=\"https:\/\/www.friedensplattform.at\/?p=8001\" class=\"more-link\"><span class=\"screen-reader-text\">Rede zur Verabschiedung von Konrad Sch\u00f6n, langj\u00e4hriges Mitglied der Friedensplattform<\/span> weiterlesen <span class=\"meta-nav\">&rarr;<\/span><\/a><\/p>\n","protected":false},"author":2,"featured_media":0,"comment_status":"open","ping_status":"open","sticky":false,"template":"","format":"standard","meta":{"footnotes":""},"categories":[1],"tags":[],"class_list":["post-8001","post","type-post","status-publish","format-standard","hentry","category-allgemein"],"_links":{"self":[{"href":"https:\/\/www.friedensplattform.at\/index.php?rest_route=\/wp\/v2\/posts\/8001","targetHints":{"allow":["GET"]}}],"collection":[{"href":"https:\/\/www.friedensplattform.at\/index.php?rest_route=\/wp\/v2\/posts"}],"about":[{"href":"https:\/\/www.friedensplattform.at\/index.php?rest_route=\/wp\/v2\/types\/post"}],"author":[{"embeddable":true,"href":"https:\/\/www.friedensplattform.at\/index.php?rest_route=\/wp\/v2\/users\/2"}],"replies":[{"embeddable":true,"href":"https:\/\/www.friedensplattform.at\/index.php?rest_route=%2Fwp%2Fv2%2Fcomments&post=8001"}],"version-history":[{"count":3,"href":"https:\/\/www.friedensplattform.at\/index.php?rest_route=\/wp\/v2\/posts\/8001\/revisions"}],"predecessor-version":[{"id":8021,"href":"https:\/\/www.friedensplattform.at\/index.php?rest_route=\/wp\/v2\/posts\/8001\/revisions\/8021"}],"wp:attachment":[{"href":"https:\/\/www.friedensplattform.at\/index.php?rest_route=%2Fwp%2Fv2%2Fmedia&parent=8001"}],"wp:term":[{"taxonomy":"category","embeddable":true,"href":"https:\/\/www.friedensplattform.at\/index.php?rest_route=%2Fwp%2Fv2%2Fcategories&post=8001"},{"taxonomy":"post_tag","embeddable":true,"href":"https:\/\/www.friedensplattform.at\/index.php?rest_route=%2Fwp%2Fv2%2Ftags&post=8001"}],"curies":[{"name":"wp","href":"https:\/\/api.w.org\/{rel}","templated":true}]}}