{"id":8037,"date":"2024-05-23T16:21:56","date_gmt":"2024-05-23T16:21:56","guid":{"rendered":"http:\/\/www.friedensplattform.at\/?p=8037"},"modified":"2024-05-23T16:23:05","modified_gmt":"2024-05-23T16:23:05","slug":"palaestinablock-bei-der-demo-am-samstag-25-5-17-00","status":"publish","type":"post","link":"https:\/\/www.friedensplattform.at\/?p=8037","title":{"rendered":"Pal\u00e4stinablock bei der Demo am Samstag, 25.5. 17.00"},"content":{"rendered":"<p><a href=\"https:\/\/www.instagram.com\/p\/C7PAs4HorwY\/?utm_source=ig_web_button_share_sheet\">https:\/\/www.instagram.com\/p\/C7PAs4HorwY\/?utm_source=ig_web_button_share_sheet<\/a><\/p>\n<div class=\"_a9zs\">\n<h6 class=\"_ap3a _aaco _aacu _aacx _aad7 _aade\" dir=\"auto\">In 2 Tagen, am Samstag, dem 25.5., gehen wir in Graz auf die Stra\u00dfe f\u00fcr Menschenrechte, Demokratie und ein solidarisches Europa!<br \/>\nWir treffen uns um 17 Uhr am Europaplatz (Hauptbahnhof Graz) und gehen bis zum Hauptplatz, wo es im Anschluss spannende Redebeitr\u00e4ge und k\u00fcnstlerische Beitr\u00e4ge geben wird!<br \/>\nEs ist wichtig, vor der EU-Wahl nochmal ein deutliches Zeichen gegen Rechtsextremismus zu setzen und zusammen f\u00fcr unser aller Zukunft laut zu werden!<br \/>\nAlso sei dabei, teile diesen Beitrag, komm mit deinen Freund*innen, Familie, Kolleg*innen und lass uns zusammen laut werden.<\/h6>\n<p><a class=\"x1i10hfl xjbqb8w x1ejq31n xd10rxx x1sy0etr x17r0tee x972fbf xcfux6l x1qhh985 xm0m39n x9f619 x1ypdohk xt0psk2 xe8uvvx xdj266r x11i5rnm xat24cr x1mh8g0r xexx8yu x4uap5 x18d9i69 xkhd6sd x16tdsg8 x1hl2dhg xggy1nq x1a2a7pz _aa9_ _a6hd\" tabindex=\"0\" role=\"link\" href=\"https:\/\/www.instagram.com\/explore\/tags\/demokratieverteidigen\/\">#demokratieverteidigen<\/a> <a class=\"x1i10hfl xjbqb8w x1ejq31n xd10rxx x1sy0etr x17r0tee x972fbf xcfux6l x1qhh985 xm0m39n x9f619 x1ypdohk xt0psk2 xe8uvvx xdj266r x11i5rnm xat24cr x1mh8g0r xexx8yu x4uap5 x18d9i69 xkhd6sd x16tdsg8 x1hl2dhg xggy1nq x1a2a7pz _aa9_ _a6hd\" tabindex=\"0\" role=\"link\" href=\"https:\/\/www.instagram.com\/explore\/tags\/graz\/\">#graz<\/a> <a class=\"x1i10hfl xjbqb8w x1ejq31n xd10rxx x1sy0etr x17r0tee x972fbf xcfux6l x1qhh985 xm0m39n x9f619 x1ypdohk xt0psk2 xe8uvvx xdj266r x11i5rnm xat24cr x1mh8g0r xexx8yu x4uap5 x18d9i69 xkhd6sd x16tdsg8 x1hl2dhg xggy1nq x1a2a7pz _aa9_ _a6hd\" tabindex=\"0\" role=\"link\" href=\"https:\/\/www.instagram.com\/explore\/tags\/ordnerin\/\">#ordnerin<\/a> <a class=\"x1i10hfl xjbqb8w x1ejq31n xd10rxx x1sy0etr x17r0tee x972fbf xcfux6l x1qhh985 xm0m39n x9f619 x1ypdohk xt0psk2 xe8uvvx xdj266r x11i5rnm xat24cr x1mh8g0r xexx8yu x4uap5 x18d9i69 xkhd6sd x16tdsg8 x1hl2dhg xggy1nq x1a2a7pz _aa9_ _a6hd\" tabindex=\"0\" role=\"link\" href=\"https:\/\/www.instagram.com\/explore\/tags\/unterst%C3%BCtzung\/\">#unterst\u00fctzung<\/a> <a class=\"x1i10hfl xjbqb8w x1ejq31n xd10rxx x1sy0etr x17r0tee x972fbf xcfux6l x1qhh985 xm0m39n x9f619 x1ypdohk xt0psk2 xe8uvvx xdj266r x11i5rnm xat24cr x1mh8g0r xexx8yu x4uap5 x18d9i69 xkhd6sd x16tdsg8 x1hl2dhg xggy1nq x1a2a7pz _aa9_ _a6hd\" tabindex=\"0\" role=\"link\" href=\"https:\/\/www.instagram.com\/explore\/tags\/savethedate\/\">#savethedate<\/a> <a class=\"x1i10hfl xjbqb8w x1ejq31n xd10rxx x1sy0etr x17r0tee x972fbf xcfux6l x1qhh985 xm0m39n x9f619 x1ypdohk xt0psk2 xe8uvvx xdj266r x11i5rnm xat24cr x1mh8g0r xexx8yu x4uap5 x18d9i69 xkhd6sd x16tdsg8 x1hl2dhg xggy1nq x1a2a7pz _aa9_ _a6hd\" tabindex=\"0\" role=\"link\" href=\"https:\/\/www.instagram.com\/explore\/tags\/solidarit%C3%A4t\/\">#solidarit\u00e4t<\/a> <a class=\"x1i10hfl xjbqb8w x1ejq31n xd10rxx x1sy0etr x17r0tee x972fbf xcfux6l x1qhh985 xm0m39n x9f619 x1ypdohk xt0psk2 xe8uvvx xdj266r x11i5rnm xat24cr x1mh8g0r xexx8yu x4uap5 x18d9i69 xkhd6sd x16tdsg8 x1hl2dhg xggy1nq x1a2a7pz _aa9_ _a6hd\" tabindex=\"0\" role=\"link\" href=\"https:\/\/www.instagram.com\/explore\/tags\/menschenrechte\/\">#menschenrechte<\/a> <a class=\"x1i10hfl xjbqb8w x1ejq31n xd10rxx x1sy0etr x17r0tee x972fbf xcfux6l x1qhh985 xm0m39n x9f619 x1ypdohk xt0psk2 xe8uvvx xdj266r x11i5rnm xat24cr x1mh8g0r xexx8yu x4uap5 x18d9i69 xkhd6sd x16tdsg8 x1hl2dhg xggy1nq x1a2a7pz _aa9_ _a6hd\" tabindex=\"0\" role=\"link\" href=\"https:\/\/www.instagram.com\/explore\/tags\/gegenrechtsextremismus\/\">#gegenrechtsextremismus<\/a> <a class=\"x1i10hfl xjbqb8w x1ejq31n xd10rxx x1sy0etr x17r0tee x972fbf xcfux6l x1qhh985 xm0m39n x9f619 x1ypdohk xt0psk2 xe8uvvx xdj266r x11i5rnm xat24cr x1mh8g0r xexx8yu x4uap5 x18d9i69 xkhd6sd x16tdsg8 x1hl2dhg xggy1nq x1a2a7pz _aa9_ _a6hd\" tabindex=\"0\" role=\"link\" href=\"https:\/\/www.instagram.com\/explore\/tags\/euwahl\/\">#euwahl<\/a><\/p>\n<p>&nbsp;<\/p>\n<\/div>\n<div class=\"x9f619 xjbqb8w x78zum5 x168nmei x13lgxp2 x5pf9jr xo71vjh x1xmf6yo x12nagc x1n2onr6 x1plvlek xryxfnj x1c4vz4f x2lah0s xdt5ytf xqjyukv x1qjc9v5 x1oa3qoh x1nhvcw1\">\n<p><span class=\"x1lliihq x1plvlek xryxfnj x1n2onr6 x193iq5w xeuugli x1fj9vlw x13faqbe x1vvkbs x1s928wv xhkezso x1gmr53x x1cpjm7i x1fgarty x1943h6x x1i0vuye x1fhwpqd xo1l8bm x1roi4f4 x1s3etm8 x676frb x10wh9bi x1wdrske x8viiok x18hxmgj\" dir=\"ltr\"><time class=\"_a9ze _a9zf\" title=\"21. Mai 2024\" datetime=\"2024-05-21T14:52:28.000Z\">2 Tage<\/time><\/span><\/p>\n<div class=\"x9f619 xjbqb8w x1rg5ohu x168nmei x13lgxp2 x5pf9jr xo71vjh x1n2onr6 x1plvlek xryxfnj x1c4vz4f x2lah0s xdt5ytf xqjyukv x1qjc9v5 x1oa3qoh x1nhvcw1\"><\/div>\n<\/div>\n","protected":false},"excerpt":{"rendered":"<p>https:\/\/www.instagram.com\/p\/C7PAs4HorwY\/?utm_source=ig_web_button_share_sheet In 2 Tagen, am Samstag, dem 25.5., gehen wir in Graz auf die Stra\u00dfe f\u00fcr Menschenrechte, Demokratie und ein solidarisches Europa! Wir treffen uns um 17 Uhr am Europaplatz (Hauptbahnhof Graz) und gehen bis zum Hauptplatz, wo es im Anschluss spannende Redebeitr\u00e4ge und k\u00fcnstlerische Beitr\u00e4ge geben wird! Es ist wichtig, vor der EU-Wahl nochmal &hellip; <a href=\"https:\/\/www.friedensplattform.at\/?p=8037\" class=\"more-link\"><span class=\"screen-reader-text\">Pal\u00e4stinablock bei der Demo am Samstag, 25.5. 17.00<\/span> weiterlesen <span class=\"meta-nav\">&rarr;<\/span><\/a><\/p>\n","protected":false},"author":2,"featured_media":0,"comment_status":"open","ping_status":"open","sticky":false,"template":"","format":"standard","meta":{"footnotes":""},"categories":[1],"tags":[],"class_list":["post-8037","post","type-post","status-publish","format-standard","hentry","category-allgemein"],"_links":{"self":[{"href":"https:\/\/www.friedensplattform.at\/index.php?rest_route=\/wp\/v2\/posts\/8037","targetHints":{"allow":["GET"]}}],"collection":[{"href":"https:\/\/www.friedensplattform.at\/index.php?rest_route=\/wp\/v2\/posts"}],"about":[{"href":"https:\/\/www.friedensplattform.at\/index.php?rest_route=\/wp\/v2\/types\/post"}],"author":[{"embeddable":true,"href":"https:\/\/www.friedensplattform.at\/index.php?rest_route=\/wp\/v2\/users\/2"}],"replies":[{"embeddable":true,"href":"https:\/\/www.friedensplattform.at\/index.php?rest_route=%2Fwp%2Fv2%2Fcomments&post=8037"}],"version-history":[{"count":2,"href":"https:\/\/www.friedensplattform.at\/index.php?rest_route=\/wp\/v2\/posts\/8037\/revisions"}],"predecessor-version":[{"id":8041,"href":"https:\/\/www.friedensplattform.at\/index.php?rest_route=\/wp\/v2\/posts\/8037\/revisions\/8041"}],"wp:attachment":[{"href":"https:\/\/www.friedensplattform.at\/index.php?rest_route=%2Fwp%2Fv2%2Fmedia&parent=8037"}],"wp:term":[{"taxonomy":"category","embeddable":true,"href":"https:\/\/www.friedensplattform.at\/index.php?rest_route=%2Fwp%2Fv2%2Fcategories&post=8037"},{"taxonomy":"post_tag","embeddable":true,"href":"https:\/\/www.friedensplattform.at\/index.php?rest_route=%2Fwp%2Fv2%2Ftags&post=8037"}],"curies":[{"name":"wp","href":"https:\/\/api.w.org\/{rel}","templated":true}]}}