{"id":8069,"date":"2024-07-01T18:49:42","date_gmt":"2024-07-01T18:49:42","guid":{"rendered":"http:\/\/www.friedensplattform.at\/?p=8069"},"modified":"2024-07-01T18:58:07","modified_gmt":"2024-07-01T18:58:07","slug":"attac-sommerakademie-in-steyr-von-11-bis-14-juli","status":"publish","type":"post","link":"https:\/\/www.friedensplattform.at\/?p=8069","title":{"rendered":"Attac Sommerakademie in Steyr von 11. bis 14. Juli"},"content":{"rendered":"<p>Freitag Vor- &amp; Nachmittag<br \/>\n<strong>Strang 3:\u00a0<\/strong><em><strong>Demokratie &amp; Frieden, zivilgesellschaftliche Erm\u00e4chtigung<\/strong><br \/>\nKonfliktursachen, Auswirkungen von Kriegen, Wege zur St\u00e4rkung der Demokratie und um Frieden durchzusetzen<\/em><\/p>\n<p>Frieden in lebendigen Demokratien ist m\u00f6glich. Er muss st\u00e4ndig erarbeitet und gestaltet werden. Hingegen werden wir kriegstauglich gemacht und hochger\u00fcstet. Frieden braucht Ressourcen: ein Budget, Institutionen und starkes zivilgesellschaftliches Engagement. Zurzeit dominieren die Falken und Verf\u00fchrer. Wir, als Mitgestalter*innen der Zivilgesellschaft, m\u00fcssen dagegenhalten. Wie kann uns das gelingen<!--more--><\/p>\n<p><strong>Teil 1<\/strong> deckt, basierend auf dem neuen Attac-Positionspapier \u201eFriedensperspektiven in einer globalisierten Welt\u201c, die Triebkr\u00e4fte der aktuellen Konflikte auf und beleuchtet die Zusammenh\u00e4nge zwischen (Ressourcen)Konflikten, R\u00fcstung, Klimawandel, Ungleichheit in einer globalisierten Welt.<br \/>\n<strong>Teil 2<\/strong> zeigt Wege der Friedensgestaltung auf: durch kontinuierliche Friedensbildung, Anreize f\u00fcr demokratisches Engagement und zivilgesellschaftliche Erm\u00e4chtigung. Wie k\u00f6nnen wir uns besser in einer zunehmend fragmentierten Welt zurechtfinden und uns durch Kooperation gegenseitig st\u00e4rken? Wie k\u00f6nnen wir ein Stachel gegen Verlogenheit und Korruption und eine Triebkraft f\u00fcr ein gutes Leben f\u00fcr alle werden und Frieden durchsetzen?<br \/>\nIdeale Ergebnisse des Stranges sollten konkrete Projektideen und Handlungsanleitungen sein.<\/p>\n<p>Gestaltung des Strangs und inhaltliche Inputs u.a von Heidi Meinzolt (Women\u2019s International League for Peace and Freedom, WILPF, Deutschland), Verena Winiwarter (Scientists4Future \u00d6sterreich), Veronika Rochart und Gerhard Kofler (Attac), Dalia (Not in Our Name Vienna) und Luca Lowey (Friedensb\u00fcro Salzburg)<\/p>\n<p>Weitere Infos zur sommerakademie findest du auf<\/p>\n<p><a href=\"https:\/\/www.attac.at\/termine\/sommerakademie-der-sozialen-bewegungen-2024\">https:\/\/www.attac.at\/termine\/sommerakademie-der-sozialen-bewegungen-2024<\/a><\/p>\n<p>&nbsp;<\/p>\n<p>&nbsp;<\/p>\n<p>&nbsp;<\/p>\n<p><a href=\"http:\/\/www.friedensplattform.at\/wp-content\/uploads\/2024\/07\/Programmuebersicht_2024.jpg\"><img loading=\"lazy\" decoding=\"async\" class=\"alignleft size-medium wp-image-8073\" src=\"http:\/\/www.friedensplattform.at\/wp-content\/uploads\/2024\/07\/Programmuebersicht_2024-300x212.jpg\" alt=\"\" width=\"300\" height=\"212\" srcset=\"https:\/\/www.friedensplattform.at\/wp-content\/uploads\/2024\/07\/Programmuebersicht_2024-300x212.jpg 300w, https:\/\/www.friedensplattform.at\/wp-content\/uploads\/2024\/07\/Programmuebersicht_2024-768x543.jpg 768w, https:\/\/www.friedensplattform.at\/wp-content\/uploads\/2024\/07\/Programmuebersicht_2024-1024x724.jpg 1024w, https:\/\/www.friedensplattform.at\/wp-content\/uploads\/2024\/07\/Programmuebersicht_2024.jpg 1754w\" sizes=\"auto, (max-width: 300px) 100vw, 300px\" \/><\/a><\/p>\n<p>&nbsp;<\/p>\n","protected":false},"excerpt":{"rendered":"<p>Freitag Vor- &amp; Nachmittag Strang 3:\u00a0Demokratie &amp; Frieden, zivilgesellschaftliche Erm\u00e4chtigung Konfliktursachen, Auswirkungen von Kriegen, Wege zur St\u00e4rkung der Demokratie und um Frieden durchzusetzen Frieden in lebendigen Demokratien ist m\u00f6glich. Er muss st\u00e4ndig erarbeitet und gestaltet werden. Hingegen werden wir kriegstauglich gemacht und hochger\u00fcstet. Frieden braucht Ressourcen: ein Budget, Institutionen und starkes zivilgesellschaftliches Engagement. Zurzeit dominieren &hellip; <a href=\"https:\/\/www.friedensplattform.at\/?p=8069\" class=\"more-link\"><span class=\"screen-reader-text\">Attac Sommerakademie in Steyr von 11. bis 14. Juli<\/span> weiterlesen <span class=\"meta-nav\">&rarr;<\/span><\/a><\/p>\n","protected":false},"author":2,"featured_media":0,"comment_status":"open","ping_status":"open","sticky":false,"template":"","format":"standard","meta":{"footnotes":""},"categories":[1],"tags":[],"class_list":["post-8069","post","type-post","status-publish","format-standard","hentry","category-allgemein"],"_links":{"self":[{"href":"https:\/\/www.friedensplattform.at\/index.php?rest_route=\/wp\/v2\/posts\/8069","targetHints":{"allow":["GET"]}}],"collection":[{"href":"https:\/\/www.friedensplattform.at\/index.php?rest_route=\/wp\/v2\/posts"}],"about":[{"href":"https:\/\/www.friedensplattform.at\/index.php?rest_route=\/wp\/v2\/types\/post"}],"author":[{"embeddable":true,"href":"https:\/\/www.friedensplattform.at\/index.php?rest_route=\/wp\/v2\/users\/2"}],"replies":[{"embeddable":true,"href":"https:\/\/www.friedensplattform.at\/index.php?rest_route=%2Fwp%2Fv2%2Fcomments&post=8069"}],"version-history":[{"count":3,"href":"https:\/\/www.friedensplattform.at\/index.php?rest_route=\/wp\/v2\/posts\/8069\/revisions"}],"predecessor-version":[{"id":8079,"href":"https:\/\/www.friedensplattform.at\/index.php?rest_route=\/wp\/v2\/posts\/8069\/revisions\/8079"}],"wp:attachment":[{"href":"https:\/\/www.friedensplattform.at\/index.php?rest_route=%2Fwp%2Fv2%2Fmedia&parent=8069"}],"wp:term":[{"taxonomy":"category","embeddable":true,"href":"https:\/\/www.friedensplattform.at\/index.php?rest_route=%2Fwp%2Fv2%2Fcategories&post=8069"},{"taxonomy":"post_tag","embeddable":true,"href":"https:\/\/www.friedensplattform.at\/index.php?rest_route=%2Fwp%2Fv2%2Ftags&post=8069"}],"curies":[{"name":"wp","href":"https:\/\/api.w.org\/{rel}","templated":true}]}}