{"id":810,"date":"2009-04-01T21:51:18","date_gmt":"2009-04-01T19:51:18","guid":{"rendered":"http:\/\/www.luxorbis.org\/friedensplattform.at\/?p=810"},"modified":"2009-04-01T21:51:18","modified_gmt":"2009-04-01T19:51:18","slug":"artikel-in-der-jungen-welt-geschlossene-gesellschaft","status":"publish","type":"post","link":"https:\/\/www.friedensplattform.at\/?p=810","title":{"rendered":"Artikel in der jungen Welt: Geschlossene Gesellschaft"},"content":{"rendered":"<p><strong>Tage vor dem NATO-Gipfel hat die Polizei die baden-w\u00fcrttembergische Stadt Kehl in eine Festung verwandelt<\/strong><br \/>\n<em>Von Frank Brunner<\/em><\/p>\n<p>Auf den ersten Blick ist es ein ganz normaler Dienstag in Kehl. Am sch\u00e4bigen Kiosk vor dem schicken Rathaus werden morgens um zehn Uhr die ersten Biere ge\u00f6ffnet; nur wenige Meter entfernt, vor der Drogerie M\u00fcller, bittet ein Bettler kniend um ein paar Almosen, und auf dem gro\u00dfen Platz vor der evangelischen Friedenskirche und in der Fu\u00dfg\u00e4ngerzone flanieren Hunderte Menschen zwischen den Verkaufsst\u00e4nden des Wochenmarktes. Doch schaut man genauer, erlebt man eine Region im Ausnahmezustand.<\/p>\n<p><a title=\"Junge Welt\" href=\"http:\/\/www.jungewelt.de\/2009\/04-01\/063.php\" target=\"_blank\">Weiterlesen in der jungen Welt<\/a><\/p>\n","protected":false},"excerpt":{"rendered":"<p>Tage vor dem NATO-Gipfel hat die Polizei die baden-w\u00fcrttembergische Stadt Kehl in eine Festung verwandelt Von Frank Brunner Auf den ersten Blick ist es ein ganz normaler Dienstag in Kehl. Am sch\u00e4bigen Kiosk vor dem schicken Rathaus werden morgens um zehn Uhr die ersten Biere ge\u00f6ffnet; nur wenige Meter entfernt, vor der Drogerie M\u00fcller, bittet &hellip; <a href=\"https:\/\/www.friedensplattform.at\/?p=810\" class=\"more-link\"><span class=\"screen-reader-text\">Artikel in der jungen Welt: Geschlossene Gesellschaft<\/span> weiterlesen <span class=\"meta-nav\">&rarr;<\/span><\/a><\/p>\n","protected":false},"author":1,"featured_media":0,"comment_status":"open","ping_status":"open","sticky":false,"template":"","format":"standard","meta":{"footnotes":""},"categories":[1],"tags":[],"class_list":["post-810","post","type-post","status-publish","format-standard","hentry","category-allgemein"],"_links":{"self":[{"href":"https:\/\/www.friedensplattform.at\/index.php?rest_route=\/wp\/v2\/posts\/810","targetHints":{"allow":["GET"]}}],"collection":[{"href":"https:\/\/www.friedensplattform.at\/index.php?rest_route=\/wp\/v2\/posts"}],"about":[{"href":"https:\/\/www.friedensplattform.at\/index.php?rest_route=\/wp\/v2\/types\/post"}],"author":[{"embeddable":true,"href":"https:\/\/www.friedensplattform.at\/index.php?rest_route=\/wp\/v2\/users\/1"}],"replies":[{"embeddable":true,"href":"https:\/\/www.friedensplattform.at\/index.php?rest_route=%2Fwp%2Fv2%2Fcomments&post=810"}],"version-history":[{"count":0,"href":"https:\/\/www.friedensplattform.at\/index.php?rest_route=\/wp\/v2\/posts\/810\/revisions"}],"wp:attachment":[{"href":"https:\/\/www.friedensplattform.at\/index.php?rest_route=%2Fwp%2Fv2%2Fmedia&parent=810"}],"wp:term":[{"taxonomy":"category","embeddable":true,"href":"https:\/\/www.friedensplattform.at\/index.php?rest_route=%2Fwp%2Fv2%2Fcategories&post=810"},{"taxonomy":"post_tag","embeddable":true,"href":"https:\/\/www.friedensplattform.at\/index.php?rest_route=%2Fwp%2Fv2%2Ftags&post=810"}],"curies":[{"name":"wp","href":"https:\/\/api.w.org\/{rel}","templated":true}]}}