{"id":8143,"date":"2024-07-22T07:14:56","date_gmt":"2024-07-22T07:14:56","guid":{"rendered":"http:\/\/www.friedensplattform.at\/?p=8143"},"modified":"2024-07-22T07:14:56","modified_gmt":"2024-07-22T07:14:56","slug":"buchvorstellung-wie-ich-zum-staatsfeind-erklaert-wurde-dienstag-23-juli-1900-gasthaus-lendplatzl-graz-lendplatz-11","status":"publish","type":"post","link":"https:\/\/www.friedensplattform.at\/?p=8143","title":{"rendered":"Buchvorstellung &#8222;Wie ich zum Staatsfeind erkl\u00e4rt wurde&#8220;: Dienstag, 23. Juli, 19:00, Gasthaus Lendplatzl, Graz, Lendplatz 11"},"content":{"rendered":"<p><strong>Gemeinsam mit dem promedia-Verlag laden wir Euch herzlich zur Vorstellung des j\u00fcngst erschienenen Buches &#8222;Wie ich zum Staatsfeind erkl\u00e4rt wurde<\/strong>.<\/p>\n<p><!--more--><\/p>\n<p>Die Operation Luxor und der Kreuzzug gegen den &#8222;politischen Islam&#8220; mit dem Autor Farid Hafez (der Politologe hat an der Universit\u00e4t Salzburg und Wien gelehrt. Er ist nach den schlimmen Erfahrungen seiner Familie bei der Aktion Luxor in \u00d6sterreich in die USA gezogen und hat dort am Williams College eine Gastprofessur \u00fcbernommen). Die M\u00f6glichkeit dieser Veranstaltung hat sich sehr kurzfristig ergeben. Die M\u00f6glichkeit einer intensiven Bewerbung sind daher nicht gegeben. Wir ersuchen Euch daher, diesen Termin in Eurem Bekanntenkreis weiter zu verteilen. Danke!<\/p>\n<hr \/>\n<p>&nbsp;<\/p>\n","protected":false},"excerpt":{"rendered":"<p>Gemeinsam mit dem promedia-Verlag laden wir Euch herzlich zur Vorstellung des j\u00fcngst erschienenen Buches &#8222;Wie ich zum Staatsfeind erkl\u00e4rt wurde.<\/p>\n","protected":false},"author":2,"featured_media":0,"comment_status":"open","ping_status":"open","sticky":false,"template":"","format":"standard","meta":{"footnotes":""},"categories":[1],"tags":[],"class_list":["post-8143","post","type-post","status-publish","format-standard","hentry","category-allgemein"],"_links":{"self":[{"href":"https:\/\/www.friedensplattform.at\/index.php?rest_route=\/wp\/v2\/posts\/8143","targetHints":{"allow":["GET"]}}],"collection":[{"href":"https:\/\/www.friedensplattform.at\/index.php?rest_route=\/wp\/v2\/posts"}],"about":[{"href":"https:\/\/www.friedensplattform.at\/index.php?rest_route=\/wp\/v2\/types\/post"}],"author":[{"embeddable":true,"href":"https:\/\/www.friedensplattform.at\/index.php?rest_route=\/wp\/v2\/users\/2"}],"replies":[{"embeddable":true,"href":"https:\/\/www.friedensplattform.at\/index.php?rest_route=%2Fwp%2Fv2%2Fcomments&post=8143"}],"version-history":[{"count":1,"href":"https:\/\/www.friedensplattform.at\/index.php?rest_route=\/wp\/v2\/posts\/8143\/revisions"}],"predecessor-version":[{"id":8145,"href":"https:\/\/www.friedensplattform.at\/index.php?rest_route=\/wp\/v2\/posts\/8143\/revisions\/8145"}],"wp:attachment":[{"href":"https:\/\/www.friedensplattform.at\/index.php?rest_route=%2Fwp%2Fv2%2Fmedia&parent=8143"}],"wp:term":[{"taxonomy":"category","embeddable":true,"href":"https:\/\/www.friedensplattform.at\/index.php?rest_route=%2Fwp%2Fv2%2Fcategories&post=8143"},{"taxonomy":"post_tag","embeddable":true,"href":"https:\/\/www.friedensplattform.at\/index.php?rest_route=%2Fwp%2Fv2%2Ftags&post=8143"}],"curies":[{"name":"wp","href":"https:\/\/api.w.org\/{rel}","templated":true}]}}