{"id":8149,"date":"2024-08-23T07:56:08","date_gmt":"2024-08-23T07:56:08","guid":{"rendered":"http:\/\/www.friedensplattform.at\/?p=8149"},"modified":"2024-08-23T07:56:08","modified_gmt":"2024-08-23T07:56:08","slug":"wahlauftakt-der-liste-gaza","status":"publish","type":"post","link":"https:\/\/www.friedensplattform.at\/?p=8149","title":{"rendered":"Wahlauftakt der Liste GAZA"},"content":{"rendered":"<p>Der steirische Auftakt der Wahlbewegung der <a href=\"https:\/\/gaza.vote\/\" target=\"_blank\" rel=\"noopener\"><strong>Liste GAZA<\/strong><\/a> findet<br \/>\nam Freitag, den<strong> 30. August um 18:00<\/strong><br \/>\nam <strong>Grazer Esperantoplatz<\/strong> statt.<br \/>\nAnschlie\u00dfend fahren wir per Fahrradkorso auf Radwegen durch die Stadt<\/p>\n<p><!--more--><\/p>\n<p><strong>Liste Gaza &#8211; Stimmen gegen den V\u00f6lkermord<\/strong><\/p>\n<p>Israel veranstaltet in Gaza einen V\u00f6lkermord. Das &#8222;neutrale&#8220; \u00d6sterreich hat einmal in der EU und zweimal in der UNO-Generalversammlung gegen einen Waffenstillstand gestimmt. Um der Komplizenschaft der Regierung und aller Parlamentsparteien mit der jahrzehntelangen brutalen Unterdr\u00fcckung des pal\u00e4stinensischen Volkes durch Israel etwas entgegen zu setzen, hat sich &#8211; aus der starken Pal\u00e4stina-Solidarit\u00e4tsbewegung der letzten Monate heraus &#8211; die Idee einer Kandidatur bei der kommenden Nationalratswahl entwickelt. Auch wir von der Steirischen Friedensplattform haben uns daran sehr aktiv beteiligt. Damit wir auf den steirischen Stimmzetteln stehen werden, mussten 400 wahlberechtigte SteirerInnen in den Gemeinde\u00e4mtern und Rath\u00e4usern eine Unterst\u00fctzungserkl\u00e4rung unterschreiben. \u00dcber 500 Sympathisantinnen haben das getan. Einen gro\u00dfen Dank daf\u00fcr! Au\u00dfer in K\u00e4rnten und Salzburg wird die Liste in allen Bundesl\u00e4ndern w\u00e4hlbar sein.<\/p>\n<p>Die Liste Gaza erscheint zun\u00e4chst als eine Ein-Thema-Partei. Wir verstehen den Begriff GAZA aber auch als dar\u00fcber hinausgehendes Symbol zur Sicherung unserer \u00a0\u00a0\u00a0\u00f6kologischen Lebensgrundlagen, gegen eine Politik der Spaltung der Bev\u00f6lkerung, f\u00fcr Abr\u00fcstung\/Frieden\/Neutralit\u00e4t und globale Gerechtigkeit. Unsere Liste ist eine bunte Mischung aus alteingesessenen \u00d6sterreicherInnen und solchen mit einem migrantischen Hintergrund. Wir glauben daher, f\u00fcr eine solche neue Politik gute Voraussetzungen zu haben. Es wird nat\u00fcrlich Bereiche geben, in denen wir mit anderen Wahlpartien \u00fcbereinstimmen. Die krisenhafte Stimmung in der Bev\u00f6lkerung ist aber ein Hinweis auf tiefliegende M\u00e4ngel unseres westlichen Wirtschafts- und Gesellschaftssystems. An diesen Br\u00fcchen werden wir uns abarbeiten. Der angstvolle R\u00fcckzug in eine Festung ist da keine L\u00f6sung. Ein kurzes Wahlprogramm wird demn\u00e4chst vorliegen.<\/p>\n<p>N\u00e4heres zu unserer Wahlbewegung findet ihr unter <a href=\"http:\/\/www.gaza.vote\">www.gaza.vote<\/a>, dort unter \u00b4Wer wir sind\u00b4 findet ihr auch unsere steirischen KandidatInnen.<\/p>\n<p>In diesem Zusammenhang haben wir an jene, die das Kandidaturprojekt unterst\u00fctzen wollen, zwei Bitten:<\/p>\n<ul>\n<li>Schreibt uns, wenn ihr in eurem Bekanntenkreis mit unseren Werbemitteln oder in Eurem Ort mit einem Infostand oder Info-Abend aktiv werden wollt.<\/li>\n<li>Nat\u00fcrlich kostet die Wahlwerbung auch Geld. F\u00fcr Spenden sind wir dankbar: <strong>Liste Gaza, IBAN: AT09 1200 0100 4302 5088, BIC: BKAU ATWW<\/strong><\/li>\n<\/ul>\n<figure id=\"attachment_28627\" aria-describedby=\"caption-attachment-28627\" style=\"width: 240px\" class=\"wp-caption alignleft\"><a href=\"https:\/\/www.linkestmk.at\/archive\/28625\/radtourpalestine3008\" rel=\"attachment wp-att-28627\"><img loading=\"lazy\" decoding=\"async\" class=\" wp-image-28627\" src=\"https:\/\/www.linkestmk.at\/wp-content\/uploads\/2024\/08\/radtourpalestine3008-212x300.jpg\" alt=\"\" width=\"240\" height=\"340\" \/><\/a><figcaption id=\"caption-attachment-28627\" class=\"wp-caption-text\">Radtour Free Palestine<\/figcaption><\/figure>\n<p><strong>Der steirische Auftakt der Wahlbewegung <em>Liste GAZA<\/em> findet <\/strong><\/p>\n<ul>\n<li>\n<ul>\n<li>\n<ul>\n<li><strong>am Freitag, den 30. August <\/strong><\/li>\n<li><strong>um 18:00 <\/strong><\/li>\n<li><strong>am Grazer Esperantoplatz statt. <\/strong><\/li>\n<\/ul>\n<\/li>\n<\/ul>\n<\/li>\n<\/ul>\n<p><strong>Anschlie\u00dfend fahren wir per Fahrradkorso auf Radwegen durch die Stadt<\/strong><\/p>\n<p>Bitte kommt zahlreich, die Menschen in Gaza brauchen unsere Solidarit\u00e4t, lassen wir uns nicht einlullen mit dem Argument \u00b4da kann man nichts machen\u00b4. Gemeinsam k\u00f6nnen wir etwas bewegen!<\/p>\n<p>&nbsp;<\/p>\n","protected":false},"excerpt":{"rendered":"<p>Der steirische Auftakt der Wahlbewegung der Liste GAZA findet am Freitag, den 30. August um 18:00 am Grazer Esperantoplatz statt. Anschlie\u00dfend fahren wir per Fahrradkorso auf Radwegen durch die Stadt<\/p>\n","protected":false},"author":2,"featured_media":0,"comment_status":"open","ping_status":"open","sticky":false,"template":"","format":"standard","meta":{"footnotes":""},"categories":[5,18],"tags":[107,113,109,111],"class_list":["post-8149","post","type-post","status-publish","format-standard","hentry","category-arabischer-raum","category-palaestina-solidaritaet","tag-liste-gaza","tag-programm","tag-radcordo","tag-wahlauftakt"],"_links":{"self":[{"href":"https:\/\/www.friedensplattform.at\/index.php?rest_route=\/wp\/v2\/posts\/8149","targetHints":{"allow":["GET"]}}],"collection":[{"href":"https:\/\/www.friedensplattform.at\/index.php?rest_route=\/wp\/v2\/posts"}],"about":[{"href":"https:\/\/www.friedensplattform.at\/index.php?rest_route=\/wp\/v2\/types\/post"}],"author":[{"embeddable":true,"href":"https:\/\/www.friedensplattform.at\/index.php?rest_route=\/wp\/v2\/users\/2"}],"replies":[{"embeddable":true,"href":"https:\/\/www.friedensplattform.at\/index.php?rest_route=%2Fwp%2Fv2%2Fcomments&post=8149"}],"version-history":[{"count":1,"href":"https:\/\/www.friedensplattform.at\/index.php?rest_route=\/wp\/v2\/posts\/8149\/revisions"}],"predecessor-version":[{"id":8151,"href":"https:\/\/www.friedensplattform.at\/index.php?rest_route=\/wp\/v2\/posts\/8149\/revisions\/8151"}],"wp:attachment":[{"href":"https:\/\/www.friedensplattform.at\/index.php?rest_route=%2Fwp%2Fv2%2Fmedia&parent=8149"}],"wp:term":[{"taxonomy":"category","embeddable":true,"href":"https:\/\/www.friedensplattform.at\/index.php?rest_route=%2Fwp%2Fv2%2Fcategories&post=8149"},{"taxonomy":"post_tag","embeddable":true,"href":"https:\/\/www.friedensplattform.at\/index.php?rest_route=%2Fwp%2Fv2%2Ftags&post=8149"}],"curies":[{"name":"wp","href":"https:\/\/api.w.org\/{rel}","templated":true}]}}