{"id":815,"date":"2009-04-03T20:41:04","date_gmt":"2009-04-03T18:41:04","guid":{"rendered":"http:\/\/www.luxorbis.org\/friedensplattform.at\/?p=815"},"modified":"2009-04-03T20:41:04","modified_gmt":"2009-04-03T18:41:04","slug":"flugblatt-zur-nato-konferenz","status":"publish","type":"post","link":"https:\/\/www.friedensplattform.at\/?p=815","title":{"rendered":"Flugblatt zur Nato Konferenz"},"content":{"rendered":"<p>Hier k\u00f6nnt ihr das Flugblatt, welches wir anl\u00e4sslich der Nato Konferenz erstellt haben, herunterladen:<\/p>\n<p><a href=\"http:\/\/www.luxorbis.org\/friedensplattform.at\/wp-content\/uploads\/2009\/04\/anti_nato_4_09.pdf\">Flugblatt Nato<\/a><\/p>\n<p><a href=\"http:\/\/www.luxorbis.org\/friedensplattform.at\/wp-content\/uploads\/2009\/04\/palastina-flugblatt-sa-3-version.pdf\">Flugblatt Nato Pal\u00e4stina<\/a><\/p>\n","protected":false},"excerpt":{"rendered":"<p>Hier k\u00f6nnt ihr das Flugblatt, welches wir anl\u00e4sslich der Nato Konferenz erstellt haben, herunterladen: Flugblatt Nato Flugblatt Nato Pal\u00e4stina<\/p>\n","protected":false},"author":1,"featured_media":0,"comment_status":"open","ping_status":"open","sticky":false,"template":"","format":"standard","meta":{"footnotes":""},"categories":[1,5],"tags":[],"class_list":["post-815","post","type-post","status-publish","format-standard","hentry","category-allgemein","category-arabischer-raum"],"_links":{"self":[{"href":"https:\/\/www.friedensplattform.at\/index.php?rest_route=\/wp\/v2\/posts\/815","targetHints":{"allow":["GET"]}}],"collection":[{"href":"https:\/\/www.friedensplattform.at\/index.php?rest_route=\/wp\/v2\/posts"}],"about":[{"href":"https:\/\/www.friedensplattform.at\/index.php?rest_route=\/wp\/v2\/types\/post"}],"author":[{"embeddable":true,"href":"https:\/\/www.friedensplattform.at\/index.php?rest_route=\/wp\/v2\/users\/1"}],"replies":[{"embeddable":true,"href":"https:\/\/www.friedensplattform.at\/index.php?rest_route=%2Fwp%2Fv2%2Fcomments&post=815"}],"version-history":[{"count":0,"href":"https:\/\/www.friedensplattform.at\/index.php?rest_route=\/wp\/v2\/posts\/815\/revisions"}],"wp:attachment":[{"href":"https:\/\/www.friedensplattform.at\/index.php?rest_route=%2Fwp%2Fv2%2Fmedia&parent=815"}],"wp:term":[{"taxonomy":"category","embeddable":true,"href":"https:\/\/www.friedensplattform.at\/index.php?rest_route=%2Fwp%2Fv2%2Fcategories&post=815"},{"taxonomy":"post_tag","embeddable":true,"href":"https:\/\/www.friedensplattform.at\/index.php?rest_route=%2Fwp%2Fv2%2Ftags&post=815"}],"curies":[{"name":"wp","href":"https:\/\/api.w.org\/{rel}","templated":true}]}}