{"id":8191,"date":"2024-11-29T10:34:47","date_gmt":"2024-11-29T10:34:47","guid":{"rendered":"http:\/\/www.friedensplattform.at\/?p=8191"},"modified":"2025-01-23T17:18:19","modified_gmt":"2025-01-23T17:18:19","slug":"vortrag-mit-shir-hever-in-graz","status":"publish","type":"post","link":"https:\/\/www.friedensplattform.at\/?p=8191","title":{"rendered":"Vortrag mit Shir Hever in Graz"},"content":{"rendered":"<p><b>&#8222;Milit\u00e4rembargo gegen Israel: \u00d6sterreichs Beteiligung an Besatzung, Apartheid und V\u00f6lkermord in Pal\u00e4stina&#8220;<\/b><br \/>\nZusammen mit etlichen anderen NGOs hatten wir f\u00fcr den 25. Nov. 2024 Dr. Shir Hever zu einem Vortrag nach Graz eingeladen.<br \/>\nSein Vortrag hatte durch die Entscheidung des Internationalen Gerichtshofs (IGH)\u00a0 besondere Aktualit\u00e4t.<\/p>\n<p><!--more--><\/p>\n<p>Dieser hatte n\u00e4mlich\u00a0 entschieden, dass Israels Besatzung und Apartheid Apartheid in der Westbank, Gaza und Ost-Jerusalem illegal sind und es\u00a0\u00a0\u00a0\u00a0\u00a0\u00a0\u00a0\u00a0\u00a0\u00a0\u00a0\u00a0\u00a0\u00a0\u00a0\u00a0\u00a0\u00a0\u00a0\u00a0\u00a0\u00a0\u00a0\u00a0\u00a0\u00a0\u00a0\u00a0\u00a0\u00a0\u00a0\u00a0\u00a0\u00a0\u00a0\u00a0\u00a0\u00a0\u00a0\u00a0\u00a0\u00a0\u00a0\u00a0\u00a0\u00a0\u00a0\u00a0\u00a0\u00a0\u00a0\u00a0\u00a0\u00a0\u00a0\u00a0\u00a0\u00a0 plausibel ist, dass Israel in Gaza einen V\u00f6lkermord begeht.\u00a0 Daher ist auch \u00d6sterreich laut internationalen Vertr\u00e4gen verpflichtet, \u00a0 \u00a0 \u00a0 \u00a0 \u00a0 \u00a0 \u00a0 \u00a0 \u00a0 \u00a0 \u00a0 \u00a0 \u00a0 \u00a0 \u00a0 \u00a0 \u00a0 \u00a0 \u00a0 \u00a0 \u00a0 \u00a0 \u00a0 \u00a0 \u00a0 \u00a0 \u00a0 \u00a0 \u00a0 \u00a0 \u00a0 \u00a0 \u00a0 \u00a0 \u00a0 \u00a0\u00a0 Sanktionen gegen Israel zu verh\u00e4ngen, solange diese Verbrechen andauern. Im Vortrag ging es um ein Milit\u00e4rembargo als eine \u00a0 der wichtigsten Sanktionen gegen Israel. Dr. Hever ging besonders darauf ein, wie \u00d6sterreich und zum Teil auch die Steiermark\u00a0 in\u00a0\u00a0\u00a0\u00a0\u00a0\u00a0\u00a0\u00a0\u00a0\u00a0\u00a0\u00a0\u00a0\u00a0\u00a0\u00a0\u00a0\u00a0\u00a0\u00a0\u00a0\u00a0\u00a0\u00a0\u00a0\u00a0\u00a0\u00a0\u00a0\u00a0\u00a0\u00a0\u00a0\u00a0\u00a0\u00a0\u00a0\u00a0 Gesch\u00e4fte und Kooperationen mit Israel involviert ist, die zu milit\u00e4rischen Zwecken genutzt werden und was wir als \u00f6sterreichische\u00a0\u00a0 Zivilgesellschaft tun k\u00f6nnen, um dieses Milit\u00e4rembargo wirksam einzufordern?<\/p>\n<ul>\n<li>Denselben Vortrag gab es auch in Linz und Wien: Ein Video des Vortrages in der Solidarwerkstatt \u00d6sterreich in Linz findet ihr hier\u00a0 <a class=\"moz-txt-link-freetext\" href=\"https:\/\/www.youtube.com\/watch?v=Ga1iUzbOeJY .\" target=\"_blank\" rel=\"noopener\">https:\/\/www.youtube.com\/watch?v=Ga1iUzbOeJY<\/a>\u00a0 .<\/li>\n<li>Ein langes auf deutsch \u00fcbersetztes Interview mit dem Referenten zu diesem Thema im Bezug auf Deutschland findet sich auch auf auf den sehr sehenswerten Kanal acTVism: <a class=\"moz-txt-link-freetext\" href=\"https:\/\/www.actvism.org\/latest\/germany-support-for-israel-hever\/\" target=\"_blank\" rel=\"noopener\">https:\/\/www.actvism.org\/latest\/germany-support-for-israel-hever\/<\/a><\/li>\n<\/ul>\n<p><b>Dr. Shir Hever<\/b> ist Wirtschaftswissenschaftler und Menschenrechtsaktivist. Er stammt aus Israel und forscht in Deutschland zur \u00d6konomie der<br \/>\nisraelischen Besatzung in Pal\u00e4stina. F\u00fcr die BDS-Bewegung koordiniert er die internationale Kampagne f\u00fcr ein Milit\u00e4rembargo gegen Israel.<\/p>\n<p>Fotos von unserer Veranstaltung und Links zu Shir Hever Vortr\u00e4gen<\/p>\n<p>&nbsp;<\/p>\n<p><iframe loading=\"lazy\" title=\"Report: Shocking extent of Germany&#039;s support for Israel | Dr. Shir Hever\" width=\"604\" height=\"340\" src=\"https:\/\/www.youtube.com\/embed\/k1eHS6archs?feature=oembed\" frameborder=\"0\" allow=\"accelerometer; autoplay; clipboard-write; encrypted-media; gyroscope; picture-in-picture; web-share\" referrerpolicy=\"strict-origin-when-cross-origin\" allowfullscreen><\/iframe><\/p>\n<p><a href=\"http:\/\/www.friedensplattform.at\/wp-content\/uploads\/2024\/11\/WhatsApp-Bild-2024-11-29-um-11.29.16_f176201c.jpg\"><img loading=\"lazy\" decoding=\"async\" class=\"alignleft size-medium wp-image-8193\" src=\"http:\/\/www.friedensplattform.at\/wp-content\/uploads\/2024\/11\/WhatsApp-Bild-2024-11-29-um-11.29.16_f176201c-225x300.jpg\" alt=\"\" width=\"225\" height=\"300\" srcset=\"https:\/\/www.friedensplattform.at\/wp-content\/uploads\/2024\/11\/WhatsApp-Bild-2024-11-29-um-11.29.16_f176201c-225x300.jpg 225w, https:\/\/www.friedensplattform.at\/wp-content\/uploads\/2024\/11\/WhatsApp-Bild-2024-11-29-um-11.29.16_f176201c-768x1024.jpg 768w, https:\/\/www.friedensplattform.at\/wp-content\/uploads\/2024\/11\/WhatsApp-Bild-2024-11-29-um-11.29.16_f176201c.jpg 1200w\" sizes=\"auto, (max-width: 225px) 100vw, 225px\" \/><\/a> <a href=\"http:\/\/www.friedensplattform.at\/wp-content\/uploads\/2024\/11\/WhatsApp-Bild-2024-11-29-um-11.28.30_2b9f5fea.jpg\"><img loading=\"lazy\" decoding=\"async\" class=\"alignleft size-medium wp-image-8195\" src=\"http:\/\/www.friedensplattform.at\/wp-content\/uploads\/2024\/11\/WhatsApp-Bild-2024-11-29-um-11.28.30_2b9f5fea-300x225.jpg\" alt=\"\" width=\"300\" height=\"225\" srcset=\"https:\/\/www.friedensplattform.at\/wp-content\/uploads\/2024\/11\/WhatsApp-Bild-2024-11-29-um-11.28.30_2b9f5fea-300x225.jpg 300w, https:\/\/www.friedensplattform.at\/wp-content\/uploads\/2024\/11\/WhatsApp-Bild-2024-11-29-um-11.28.30_2b9f5fea-768x576.jpg 768w, https:\/\/www.friedensplattform.at\/wp-content\/uploads\/2024\/11\/WhatsApp-Bild-2024-11-29-um-11.28.30_2b9f5fea-1024x768.jpg 1024w, https:\/\/www.friedensplattform.at\/wp-content\/uploads\/2024\/11\/WhatsApp-Bild-2024-11-29-um-11.28.30_2b9f5fea.jpg 1600w\" sizes=\"auto, (max-width: 300px) 100vw, 300px\" \/><\/a><a href=\"http:\/\/www.friedensplattform.at\/wp-content\/uploads\/2024\/11\/WhatsApp-Bild-2024-11-26-um-21.30.55_0ebd675a.jpg\"><img loading=\"lazy\" decoding=\"async\" class=\"alignleft size-medium wp-image-8215\" src=\"http:\/\/www.friedensplattform.at\/wp-content\/uploads\/2024\/11\/WhatsApp-Bild-2024-11-26-um-21.30.55_0ebd675a-300x226.jpg\" alt=\"\" width=\"300\" height=\"226\" srcset=\"https:\/\/www.friedensplattform.at\/wp-content\/uploads\/2024\/11\/WhatsApp-Bild-2024-11-26-um-21.30.55_0ebd675a-300x226.jpg 300w, https:\/\/www.friedensplattform.at\/wp-content\/uploads\/2024\/11\/WhatsApp-Bild-2024-11-26-um-21.30.55_0ebd675a-768x578.jpg 768w, https:\/\/www.friedensplattform.at\/wp-content\/uploads\/2024\/11\/WhatsApp-Bild-2024-11-26-um-21.30.55_0ebd675a-1024x771.jpg 1024w, https:\/\/www.friedensplattform.at\/wp-content\/uploads\/2024\/11\/WhatsApp-Bild-2024-11-26-um-21.30.55_0ebd675a.jpg 2040w\" sizes=\"auto, (max-width: 300px) 100vw, 300px\" \/><\/a><\/p>\n","protected":false},"excerpt":{"rendered":"<p>&#8222;Milit\u00e4rembargo gegen Israel: \u00d6sterreichs Beteiligung an Besatzung, Apartheid und V\u00f6lkermord in Pal\u00e4stina&#8220; Zusammen mit etlichen anderen NGOs hatten wir f\u00fcr den 25. Nov. 2024 Dr. Shir Hever zu einem Vortrag nach Graz eingeladen. Sein Vortrag hatte durch die Entscheidung des Internationalen Gerichtshofs (IGH)\u00a0 besondere Aktualit\u00e4t.<\/p>\n","protected":false},"author":2,"featured_media":0,"comment_status":"open","ping_status":"open","sticky":false,"template":"","format":"standard","meta":{"footnotes":""},"categories":[1],"tags":[],"class_list":["post-8191","post","type-post","status-publish","format-standard","hentry","category-allgemein"],"_links":{"self":[{"href":"https:\/\/www.friedensplattform.at\/index.php?rest_route=\/wp\/v2\/posts\/8191","targetHints":{"allow":["GET"]}}],"collection":[{"href":"https:\/\/www.friedensplattform.at\/index.php?rest_route=\/wp\/v2\/posts"}],"about":[{"href":"https:\/\/www.friedensplattform.at\/index.php?rest_route=\/wp\/v2\/types\/post"}],"author":[{"embeddable":true,"href":"https:\/\/www.friedensplattform.at\/index.php?rest_route=\/wp\/v2\/users\/2"}],"replies":[{"embeddable":true,"href":"https:\/\/www.friedensplattform.at\/index.php?rest_route=%2Fwp%2Fv2%2Fcomments&post=8191"}],"version-history":[{"count":10,"href":"https:\/\/www.friedensplattform.at\/index.php?rest_route=\/wp\/v2\/posts\/8191\/revisions"}],"predecessor-version":[{"id":8269,"href":"https:\/\/www.friedensplattform.at\/index.php?rest_route=\/wp\/v2\/posts\/8191\/revisions\/8269"}],"wp:attachment":[{"href":"https:\/\/www.friedensplattform.at\/index.php?rest_route=%2Fwp%2Fv2%2Fmedia&parent=8191"}],"wp:term":[{"taxonomy":"category","embeddable":true,"href":"https:\/\/www.friedensplattform.at\/index.php?rest_route=%2Fwp%2Fv2%2Fcategories&post=8191"},{"taxonomy":"post_tag","embeddable":true,"href":"https:\/\/www.friedensplattform.at\/index.php?rest_route=%2Fwp%2Fv2%2Ftags&post=8191"}],"curies":[{"name":"wp","href":"https:\/\/api.w.org\/{rel}","templated":true}]}}