{"id":8273,"date":"2025-02-02T19:47:15","date_gmt":"2025-02-02T19:47:15","guid":{"rendered":"http:\/\/www.friedensplattform.at\/?p=8273"},"modified":"2025-02-02T19:52:01","modified_gmt":"2025-02-02T19:52:01","slug":"rueck-blick-auf-palaestina-aktivitaeten-2024","status":"publish","type":"post","link":"https:\/\/www.friedensplattform.at\/?p=8273","title":{"rendered":"R\u00fcck Blick auf Pal\u00e4stina- Aktivit\u00e4ten 2024"},"content":{"rendered":"<div style=\"width: 604px;\" class=\"wp-video\"><video class=\"wp-video-shortcode\" id=\"video-8273-1\" width=\"604\" height=\"759\" preload=\"metadata\" controls=\"controls\"><source type=\"video\/mp4\" src=\"http:\/\/www.friedensplattform.at\/wp-content\/uploads\/2025\/02\/VID-20241231-WA0013.mp4?_=1\" \/><a href=\"http:\/\/www.friedensplattform.at\/wp-content\/uploads\/2025\/02\/VID-20241231-WA0013.mp4\">http:\/\/www.friedensplattform.at\/wp-content\/uploads\/2025\/02\/VID-20241231-WA0013.mp4<\/a><\/video><\/div>\n<p>Video von Graz for Palestine<\/p>\n","protected":false},"excerpt":{"rendered":"<p>Video von Graz for Palestine<\/p>\n","protected":false},"author":2,"featured_media":0,"comment_status":"open","ping_status":"open","sticky":false,"template":"","format":"standard","meta":{"footnotes":""},"categories":[1],"tags":[],"class_list":["post-8273","post","type-post","status-publish","format-standard","hentry","category-allgemein"],"_links":{"self":[{"href":"https:\/\/www.friedensplattform.at\/index.php?rest_route=\/wp\/v2\/posts\/8273","targetHints":{"allow":["GET"]}}],"collection":[{"href":"https:\/\/www.friedensplattform.at\/index.php?rest_route=\/wp\/v2\/posts"}],"about":[{"href":"https:\/\/www.friedensplattform.at\/index.php?rest_route=\/wp\/v2\/types\/post"}],"author":[{"embeddable":true,"href":"https:\/\/www.friedensplattform.at\/index.php?rest_route=\/wp\/v2\/users\/2"}],"replies":[{"embeddable":true,"href":"https:\/\/www.friedensplattform.at\/index.php?rest_route=%2Fwp%2Fv2%2Fcomments&post=8273"}],"version-history":[{"count":3,"href":"https:\/\/www.friedensplattform.at\/index.php?rest_route=\/wp\/v2\/posts\/8273\/revisions"}],"predecessor-version":[{"id":8281,"href":"https:\/\/www.friedensplattform.at\/index.php?rest_route=\/wp\/v2\/posts\/8273\/revisions\/8281"}],"wp:attachment":[{"href":"https:\/\/www.friedensplattform.at\/index.php?rest_route=%2Fwp%2Fv2%2Fmedia&parent=8273"}],"wp:term":[{"taxonomy":"category","embeddable":true,"href":"https:\/\/www.friedensplattform.at\/index.php?rest_route=%2Fwp%2Fv2%2Fcategories&post=8273"},{"taxonomy":"post_tag","embeddable":true,"href":"https:\/\/www.friedensplattform.at\/index.php?rest_route=%2Fwp%2Fv2%2Ftags&post=8273"}],"curies":[{"name":"wp","href":"https:\/\/api.w.org\/{rel}","templated":true}]}}