{"id":8283,"date":"2025-02-05T09:05:33","date_gmt":"2025-02-05T09:05:33","guid":{"rendered":"http:\/\/www.friedensplattform.at\/?p=8283"},"modified":"2025-02-05T09:05:33","modified_gmt":"2025-02-05T09:05:33","slug":"10-2-25-was-du-schon-immer-ueber-die-zapatistische-befreiungsbewegung-wissen-wolltest","status":"publish","type":"post","link":"https:\/\/www.friedensplattform.at\/?p=8283","title":{"rendered":"10.2.25: Was Du schon immer \u00fcber die Zapatistische Befreiungsbewegung wissen wolltest"},"content":{"rendered":"<p style=\"text-align: center;\"><strong>Gespr\u00e4ch \u2013 \u2013 Gedankenaustausch \u00fcber die EZLN<\/strong><br \/>\n(Ejercito Zapatista de Liberaci\u00f3n = Nacional \u2013 Zapatistische Nationale Befreiungsarmee)<br \/>\nam Montag, den 10.2.2025 um 18.30 im Spektral, Lendkai 45, Graz<\/p>\n<p><!--more--><br \/>\nDie Befreiungsbewegung der Indigenen Mayas im Bundesstaat Chiapas im S\u00fcdosten von Mexiko erregte vor 31 Jahren weltweit Aufsehen: Am 1.1.1994 ergriffen die indigenen Maya die Waffen, um sich gegen die seit 500<br \/>\nJahren andauernde Kolonisierung, Unterdr\u00fcckung, Beraubung und Ausrottung zu wehren.<\/p>\n<p>Mit dem Ausspruch \u00b4ya basta\u00b4 = \u00b4es reicht\u00b4, besetzten sie f\u00fcnf Bezirkshauptst\u00e4dte in Chiapas und entwickelten eine autonome gute Regierung. Trotz massiver milit\u00e4rischer Gewalt der mexikanischen Regierung besteht und widersteht die zapatistische Bewegung bis heute und ist eine der interessantesten und innovativsten Bewegungen, die aus dem<br \/>\nglobalen S\u00fcden kommt. Sie erneuert sich st\u00e4ndig, hinterfragt kritisch und entwickelt immer wieder neue Ideen, wie \u00b4eine andere Welt, in der alle Welten Platz haben\u00b4 m\u00f6glich sein k\u00f6nnte. Sie sind \u00fcberzeugt, dass der Kampf gegen die kapitalistische Hydra und Kriege nur durch gemeinschaftliche Organisation Aussicht auf Erfolg hat. Obwohl ihre Stimme jene der Kleinsten ist, erheben sie diese f\u00fcr alle Kolonisierten, Unterdr\u00fcckten und Minderheiten und bleiben stark im Widerstand und in der Rebellion.<\/p>\n<p>Unsere Friedenplattformaktivistin<strong> Christine<\/strong> kam erst k\u00fcrzlich wieder von einem Internationalen Treffen in Chiapas zur\u00fcck. Sie wird uns einen Einblick in die Entwicklung, aktuelle Lage und Perspektiven der zapatistischen Befreiungsbewegung geben und f\u00fcr eure Fragen zur Verf\u00fcgung stehen.<\/p>\n<p>Wir freuen uns auf Euer Kommen!<\/p>\n","protected":false},"excerpt":{"rendered":"<p>Gespr\u00e4ch \u2013 \u2013 Gedankenaustausch \u00fcber die EZLN (Ejercito Zapatista de Liberaci\u00f3n = Nacional \u2013 Zapatistische Nationale Befreiungsarmee) am Montag, den 10.2.2025 um 18.30 im Spektral, Lendkai 45, Graz<\/p>\n","protected":false},"author":2,"featured_media":0,"comment_status":"open","ping_status":"open","sticky":false,"template":"","format":"standard","meta":{"footnotes":""},"categories":[15],"tags":[133,129,125,131,135,127],"class_list":["post-8283","post","type-post","status-publish","format-standard","hentry","category-lateinamerika","tag-befreiungsarmee","tag-chiapas","tag-christine","tag-ezln","tag-maya","tag-zapatista"],"_links":{"self":[{"href":"https:\/\/www.friedensplattform.at\/index.php?rest_route=\/wp\/v2\/posts\/8283","targetHints":{"allow":["GET"]}}],"collection":[{"href":"https:\/\/www.friedensplattform.at\/index.php?rest_route=\/wp\/v2\/posts"}],"about":[{"href":"https:\/\/www.friedensplattform.at\/index.php?rest_route=\/wp\/v2\/types\/post"}],"author":[{"embeddable":true,"href":"https:\/\/www.friedensplattform.at\/index.php?rest_route=\/wp\/v2\/users\/2"}],"replies":[{"embeddable":true,"href":"https:\/\/www.friedensplattform.at\/index.php?rest_route=%2Fwp%2Fv2%2Fcomments&post=8283"}],"version-history":[{"count":1,"href":"https:\/\/www.friedensplattform.at\/index.php?rest_route=\/wp\/v2\/posts\/8283\/revisions"}],"predecessor-version":[{"id":8285,"href":"https:\/\/www.friedensplattform.at\/index.php?rest_route=\/wp\/v2\/posts\/8283\/revisions\/8285"}],"wp:attachment":[{"href":"https:\/\/www.friedensplattform.at\/index.php?rest_route=%2Fwp%2Fv2%2Fmedia&parent=8283"}],"wp:term":[{"taxonomy":"category","embeddable":true,"href":"https:\/\/www.friedensplattform.at\/index.php?rest_route=%2Fwp%2Fv2%2Fcategories&post=8283"},{"taxonomy":"post_tag","embeddable":true,"href":"https:\/\/www.friedensplattform.at\/index.php?rest_route=%2Fwp%2Fv2%2Ftags&post=8283"}],"curies":[{"name":"wp","href":"https:\/\/api.w.org\/{rel}","templated":true}]}}