{"id":829,"date":"2009-04-07T22:30:44","date_gmt":"2009-04-07T20:30:44","guid":{"rendered":"http:\/\/www.luxorbis.org\/friedensplattform.at\/?p=829"},"modified":"2009-04-07T22:30:44","modified_gmt":"2009-04-07T20:30:44","slug":"artikel-auf-heisede-anderthalb-stunden-fuer-vermummte-brandstifter","status":"publish","type":"post","link":"https:\/\/www.friedensplattform.at\/?p=829","title":{"rendered":"Artikel auf heise.de: Anderthalb Stunden f&#252;r vermummte Brandstifter"},"content":{"rendered":"<p><em>Bernard Schmid 06.04.2009<\/em><br \/>\nProteste gegen den Jubil\u00e4umsgipfel der NATO &#8211; &#8222;Strategie der Spannung&#8220; in Stra\u00dfburg: Die Masse der Demonstrierenden angreifen und die Polit-Hooligans ungest\u00f6rt ihr Werk verrichten lassen<\/p>\n<p><a title=\"heise.de\" href=\"http:\/\/www.heise.de\/tp\/r4\/artikel\/30\/30085\/1.html\" target=\"_blank\">Weiterlesen auf www.heise.de<\/a><\/p>\n","protected":false},"excerpt":{"rendered":"<p>Bernard Schmid 06.04.2009 Proteste gegen den Jubil\u00e4umsgipfel der NATO &#8211; &#8222;Strategie der Spannung&#8220; in Stra\u00dfburg: Die Masse der Demonstrierenden angreifen und die Polit-Hooligans ungest\u00f6rt ihr Werk verrichten lassen Weiterlesen auf www.heise.de<\/p>\n","protected":false},"author":1,"featured_media":0,"comment_status":"open","ping_status":"open","sticky":false,"template":"","format":"standard","meta":{"footnotes":""},"categories":[1],"tags":[],"class_list":["post-829","post","type-post","status-publish","format-standard","hentry","category-allgemein"],"_links":{"self":[{"href":"https:\/\/www.friedensplattform.at\/index.php?rest_route=\/wp\/v2\/posts\/829","targetHints":{"allow":["GET"]}}],"collection":[{"href":"https:\/\/www.friedensplattform.at\/index.php?rest_route=\/wp\/v2\/posts"}],"about":[{"href":"https:\/\/www.friedensplattform.at\/index.php?rest_route=\/wp\/v2\/types\/post"}],"author":[{"embeddable":true,"href":"https:\/\/www.friedensplattform.at\/index.php?rest_route=\/wp\/v2\/users\/1"}],"replies":[{"embeddable":true,"href":"https:\/\/www.friedensplattform.at\/index.php?rest_route=%2Fwp%2Fv2%2Fcomments&post=829"}],"version-history":[{"count":0,"href":"https:\/\/www.friedensplattform.at\/index.php?rest_route=\/wp\/v2\/posts\/829\/revisions"}],"wp:attachment":[{"href":"https:\/\/www.friedensplattform.at\/index.php?rest_route=%2Fwp%2Fv2%2Fmedia&parent=829"}],"wp:term":[{"taxonomy":"category","embeddable":true,"href":"https:\/\/www.friedensplattform.at\/index.php?rest_route=%2Fwp%2Fv2%2Fcategories&post=829"},{"taxonomy":"post_tag","embeddable":true,"href":"https:\/\/www.friedensplattform.at\/index.php?rest_route=%2Fwp%2Fv2%2Ftags&post=829"}],"curies":[{"name":"wp","href":"https:\/\/api.w.org\/{rel}","templated":true}]}}