{"id":8295,"date":"2025-10-28T13:22:59","date_gmt":"2025-10-28T13:22:59","guid":{"rendered":"http:\/\/www.friedensplattform.at\/?p=8295"},"modified":"2025-10-28T13:35:03","modified_gmt":"2025-10-28T13:35:03","slug":"kommunistische-buergermeisterin-untersagt-verteilaktion-der-friedensplattform-vor-gemeinderat","status":"publish","type":"post","link":"https:\/\/www.friedensplattform.at\/?p=8295","title":{"rendered":"Kommunistische B\u00fcrgermeisterin untersagt Verteilaktion der Friedensplattform vor Gemeinderat!"},"content":{"rendered":"<p><a href=\"http:\/\/www.friedensplattform.at\/wp-content\/uploads\/2025\/10\/An-Grazer-GRinnen.pdf\">\u00a0 \u00a0Hier zum Brief\u00a0 \u00a0 An Grazer GRinnen<\/a><\/p>\n<p>Was ist passiert?<\/p>\n<p>&nbsp;<\/p>\n<p>Am 16.10. machte sich die Steirische Friedensplattform auf, die Grazer Gemeinder\u00e4te vor ihrer bevorstehenden Sitzung auf einen problematischen Beschluss ihrer Vorg\u00e4nger aufmerksam zu machen.<\/p>\n<p>Der 2019 beschlossene Text legt fest, dass R\u00e4ume der Stadt nicht mehr von Gruppen verwendet werden d\u00fcrfen, die sich antizionistisch \u00e4u\u00dfern oder die gewaltfreie Initiative BDS unterst\u00fctzen.<\/p>\n<p>Um auf diesen Umstand aufmerksam zu machen, verfassten die Friedensaktivist:innen eine mehrseitige Argumentation inklusive aufgelisteter Urteile des Europ\u00e4ischen Gerichtshofs f\u00fcr Menschenrechte in der Hoffnung, die Gemeinder\u00e4t:innen w\u00fcrden den umstrittenen Beschluss aufheben.<\/p>\n<p>Nachdem uns einige KP\u00d6 Gemeinder\u00e4tInnen begr\u00fc\u00dft hatten, kam Frau B\u00fcrgermeisterin Elke Kahr auf die FriedensaktivistInnen zu und untersagte das weitere Verteilen der Briefe vor dem Gemeinderatssaal.<\/p>\n<p>Kahr war bereits in der Vergangenheit mit (auch innerhalb ihrer Partei) h\u00f6chst umstrittenen Aussagen aufgefallen, als sie den israelischen Botschafter hofierte und meinte, sie k\u00f6nne kein Urteil \u00fcber die schrecklichen Geschehnisse in Gaza und die Kolonialisierung Pal\u00e4stinas abgeben, da dies nur m\u00f6glich sei, wo sie auch lebe und die Menschen kenne.<\/p>\n<p>Besonders interessant ist diese Positionierung, da andere kommunistische Parteien weltweit ein klares Bekenntnis zum Antizionismus abgeben. Offensichtlich ist es der Grazer KP\u00d6 noch (?)<\/p>\n<p>nicht m\u00f6glich, sich von ihrer traditionell zionistischen Haltung zu verabschieden.<\/p>\n<p>&nbsp;<\/p>\n","protected":false},"excerpt":{"rendered":"<p>\u00a0 \u00a0Hier zum Brief\u00a0 \u00a0 An Grazer GRinnen Was ist passiert? &nbsp; Am 16.10. machte sich die Steirische Friedensplattform auf, die Grazer Gemeinder\u00e4te vor ihrer bevorstehenden Sitzung auf einen problematischen Beschluss ihrer Vorg\u00e4nger aufmerksam zu machen. Der 2019 beschlossene Text legt fest, dass R\u00e4ume der Stadt nicht mehr von Gruppen verwendet werden d\u00fcrfen, die sich &hellip; <a href=\"https:\/\/www.friedensplattform.at\/?p=8295\" class=\"more-link\"><span class=\"screen-reader-text\">Kommunistische B\u00fcrgermeisterin untersagt Verteilaktion der Friedensplattform vor Gemeinderat!<\/span> weiterlesen <span class=\"meta-nav\">&rarr;<\/span><\/a><\/p>\n","protected":false},"author":2,"featured_media":0,"comment_status":"open","ping_status":"open","sticky":false,"template":"","format":"standard","meta":{"footnotes":""},"categories":[1],"tags":[],"class_list":["post-8295","post","type-post","status-publish","format-standard","hentry","category-allgemein"],"_links":{"self":[{"href":"https:\/\/www.friedensplattform.at\/index.php?rest_route=\/wp\/v2\/posts\/8295","targetHints":{"allow":["GET"]}}],"collection":[{"href":"https:\/\/www.friedensplattform.at\/index.php?rest_route=\/wp\/v2\/posts"}],"about":[{"href":"https:\/\/www.friedensplattform.at\/index.php?rest_route=\/wp\/v2\/types\/post"}],"author":[{"embeddable":true,"href":"https:\/\/www.friedensplattform.at\/index.php?rest_route=\/wp\/v2\/users\/2"}],"replies":[{"embeddable":true,"href":"https:\/\/www.friedensplattform.at\/index.php?rest_route=%2Fwp%2Fv2%2Fcomments&post=8295"}],"version-history":[{"count":4,"href":"https:\/\/www.friedensplattform.at\/index.php?rest_route=\/wp\/v2\/posts\/8295\/revisions"}],"predecessor-version":[{"id":8305,"href":"https:\/\/www.friedensplattform.at\/index.php?rest_route=\/wp\/v2\/posts\/8295\/revisions\/8305"}],"wp:attachment":[{"href":"https:\/\/www.friedensplattform.at\/index.php?rest_route=%2Fwp%2Fv2%2Fmedia&parent=8295"}],"wp:term":[{"taxonomy":"category","embeddable":true,"href":"https:\/\/www.friedensplattform.at\/index.php?rest_route=%2Fwp%2Fv2%2Fcategories&post=8295"},{"taxonomy":"post_tag","embeddable":true,"href":"https:\/\/www.friedensplattform.at\/index.php?rest_route=%2Fwp%2Fv2%2Ftags&post=8295"}],"curies":[{"name":"wp","href":"https:\/\/api.w.org\/{rel}","templated":true}]}}