{"id":832,"date":"2009-04-10T22:51:31","date_gmt":"2009-04-10T20:51:31","guid":{"rendered":"http:\/\/www.luxorbis.org\/friedensplattform.at\/?p=832"},"modified":"2009-04-10T22:51:31","modified_gmt":"2009-04-10T20:51:31","slug":"artikel-der-jungen-welt-wir-brauchen-keine-nato","status":"publish","type":"post","link":"https:\/\/www.friedensplattform.at\/?p=832","title":{"rendered":"Artikel der jungen Welt: Wir brauchen keine NATO"},"content":{"rendered":"<p>Dokumentiert: Obama, die NATO und die Friedensbewegung<br \/>\n<em>Von Peter Strutynski<\/em><br \/>\n* Das Europ\u00e4ische Friedensforum und die Gesellschaft zum Schutz von B\u00fcrgerrecht und Menschenw\u00fcrde e. V. veranstalteten mit dem Weltfriedensrat am 14.\/15. M\u00e4rz 2009 in Berlin die Friedenskonferenz \u00bbF\u00fcr eine europ\u00e4ische Friedensordnung &#8211; Nein zur NATO &#8211; Nein zum Krieg!\u00ab. Zu den Referenten geh\u00f6rte Prof. Peter Strutynski, Sprecher des Bundesausschusses Friedensratschlag und Mitglied der Arbeitsgemeinschaft Friedensforschung an der Uni Kassel. Sein Vortrag war auch Grundlage f\u00fcr seine Rede auf der internationalen Konferenz \u00bbNein zur NATO &#8211; Nein zum Krieg\u00ab am vergangenen Wochenende in Strasbourg.<\/p>\n<p><a title=\"Junge Welt\" href=\"http:\/\/www.jungewelt.de\/2009\/04-11\/011.php\" target=\"_blank\">Weiterlesen auf den Seiten der jungen Welt<\/a><\/p>\n","protected":false},"excerpt":{"rendered":"<p>Dokumentiert: Obama, die NATO und die Friedensbewegung Von Peter Strutynski * Das Europ\u00e4ische Friedensforum und die Gesellschaft zum Schutz von B\u00fcrgerrecht und Menschenw\u00fcrde e. V. veranstalteten mit dem Weltfriedensrat am 14.\/15. M\u00e4rz 2009 in Berlin die Friedenskonferenz \u00bbF\u00fcr eine europ\u00e4ische Friedensordnung &#8211; Nein zur NATO &#8211; Nein zum Krieg!\u00ab. Zu den Referenten geh\u00f6rte Prof. Peter &hellip; <a href=\"https:\/\/www.friedensplattform.at\/?p=832\" class=\"more-link\"><span class=\"screen-reader-text\">Artikel der jungen Welt: Wir brauchen keine NATO<\/span> weiterlesen <span class=\"meta-nav\">&rarr;<\/span><\/a><\/p>\n","protected":false},"author":1,"featured_media":0,"comment_status":"open","ping_status":"open","sticky":false,"template":"","format":"standard","meta":{"footnotes":""},"categories":[1],"tags":[],"class_list":["post-832","post","type-post","status-publish","format-standard","hentry","category-allgemein"],"_links":{"self":[{"href":"https:\/\/www.friedensplattform.at\/index.php?rest_route=\/wp\/v2\/posts\/832","targetHints":{"allow":["GET"]}}],"collection":[{"href":"https:\/\/www.friedensplattform.at\/index.php?rest_route=\/wp\/v2\/posts"}],"about":[{"href":"https:\/\/www.friedensplattform.at\/index.php?rest_route=\/wp\/v2\/types\/post"}],"author":[{"embeddable":true,"href":"https:\/\/www.friedensplattform.at\/index.php?rest_route=\/wp\/v2\/users\/1"}],"replies":[{"embeddable":true,"href":"https:\/\/www.friedensplattform.at\/index.php?rest_route=%2Fwp%2Fv2%2Fcomments&post=832"}],"version-history":[{"count":0,"href":"https:\/\/www.friedensplattform.at\/index.php?rest_route=\/wp\/v2\/posts\/832\/revisions"}],"wp:attachment":[{"href":"https:\/\/www.friedensplattform.at\/index.php?rest_route=%2Fwp%2Fv2%2Fmedia&parent=832"}],"wp:term":[{"taxonomy":"category","embeddable":true,"href":"https:\/\/www.friedensplattform.at\/index.php?rest_route=%2Fwp%2Fv2%2Fcategories&post=832"},{"taxonomy":"post_tag","embeddable":true,"href":"https:\/\/www.friedensplattform.at\/index.php?rest_route=%2Fwp%2Fv2%2Ftags&post=832"}],"curies":[{"name":"wp","href":"https:\/\/api.w.org\/{rel}","templated":true}]}}