{"id":8337,"date":"2026-01-11T22:23:46","date_gmt":"2026-01-11T22:23:46","guid":{"rendered":"http:\/\/www.friedensplattform.at\/?p=8337"},"modified":"2026-04-18T11:30:08","modified_gmt":"2026-04-18T11:30:08","slug":"fuer-einen-gerechten-frieden-im-nahen-osten-und-gegen-die-einschraenkung-der-meinungsfreiheit-in-graz","status":"publish","type":"post","link":"https:\/\/www.friedensplattform.at\/?p=8337","title":{"rendered":"Gegen die Einschr\u00e4nkung der Meinungsfreiheit in Graz!"},"content":{"rendered":"\n<figure class=\"wp-block-image\"><img decoding=\"async\" src=\"http:\/\/www.friedensplattform.at\/wp-content\/uploads\/2026\/01\/petition_graz.jpg\" alt=\"Petition f\u00fcr Meinungsfreiheit \u2013 Jetzt unterschreiben\"\/><\/figure>\n\n\n\n<p><!-- Klickbares Bild --><br>\n<a href=\"https:\/\/aufruf.palaestinasolidaritaet.at\/fuer-einen-gerechten-frieden-im-nahen-osten-und-gegen-die-einschraenkung-der-meinungsfreiheit-in-graz\/\" target=\"_blank\" rel=\"noopener noreferrer\"><br>\n    <br>\n<\/a><\/p>\n\n\n\n<p><!-- Gro\u00dfer klickbarer Text --><\/p>\n\n\n\n<p>\n    <a href=\"https:\/\/aufruf.palaestinasolidaritaet.at\/fuer-einen-gerechten-frieden-im-nahen-osten-und-gegen-die-einschraenkung-der-meinungsfreiheit-in-graz\/\" target=\"_blank\" rel=\"noopener noreferrer\"><br>\n        \ud83d\udc49 Hier geht es zur Petition<br>\n    <\/a>\n<\/p>\n\n\n\n<p><!-- Inhalt --><\/p>\n\n\n\n<h2 class=\"wp-block-heading\">Solidarit\u00e4t mit Pal\u00e4stina<\/h2>\n\n\n\n<p>\nDer \u201eBDS-Beschluss\u201c des Grazer Gemeinderates vom 14. November 2019 im Wortlaut:\n<\/p>\n\n\n\n<blockquote class=\"wp-block-quote is-layout-flow wp-block-quote-is-layout-flow\">\n<p>\n\u201eSt\u00e4dtische Dienststellen d\u00fcrfen keine Veranstaltungen von Gruppierungen unterst\u00fctzen, welche die Ziele der BDS-Bewegung (,Boycott, Divestment, Sanctions\u2018) verfolgen oder f\u00fcr diese werben.\u201c\n<\/p>\n<\/blockquote>\n\n\n\n<h3 class=\"wp-block-heading\">Was dieser Beschluss in der Praxis bedeutet:<\/h3>\n\n\n\n<ul class=\"wp-block-list\">\n<li>Vereine und Initiativen, die sich zu den Zielen der BDS-Bewegung bekennen, d\u00fcrfen keine R\u00e4umlichkeiten der Stadt Graz benutzen (auch nicht entgeltlich).<br>    <\/li>\n\n\n\n<li>Vereine und Initiativen, die F\u00f6rdermittel von der Stadt Graz erhalten, d\u00fcrfen nicht mit Vereinen und Initiativen, die sich zu den Zielen der BDS-Bewegung bekennen, kooperieren.<br>    <\/li>\n<\/ul>\n\n\n\n<p>\n<strong>Zum Beispiel:<\/strong> Die Steirische Friedensplattform m\u00f6chte einen Filmabend veranstalten und sucht daf\u00fcr einen Raum.<br>\nEine von der Stadt Graz gef\u00f6rderte Kulturinitiative darf ihren Raum daf\u00fcr nicht zur Verf\u00fcgung stellen, weil die Steirische Friedensplattform sich zu den Zielen der BDS-Bewegung bekennt.<br>\nDabei muss der gezeigte Film gar nicht f\u00fcr die BDS-Bewegung werben.\n<\/p>\n\n\n\n<p>\nDer \u201eBDS-Beschluss\u201c sanktioniert also Gruppen allein aufgrund einer israel-kritischen Haltung ihrer Mitglieder, obwohl diese Haltung sowohl verfassungskonform ist, als auch auf einem konsequenten Eintreten f\u00fcr die Menschenrechte und das V\u00f6lkerrecht beruht.<br>\nDas ist ein gef\u00e4hrlicher Pr\u00e4zedenzfall.\n<\/p>\n\n\n\n<!--more-->\n\n\n\n<p>\n<strong>Wir, die Unterzeichnenden, fordern die Aufhebung dieses Beschlusses.<\/strong>\n<\/p>\n\n\n\n<h3 class=\"wp-block-heading\">Was ist die BDS-Bewegung und welche Ziele verfolgt sie?<\/h3>\n\n\n\n<p>\nDas K\u00fcrzel \u201eBDS\u201c steht f\u00fcr \u201eBoykott, Desinvestition, Sanktionen\u201c. Die zivilgesellschaftliche Bewegung BDS wurde 2005 gegr\u00fcndet und ist inzwischen weltweit verbreitet.<br>\nIhr Ziel ist, dass der Staat Israel das V\u00f6lkerrecht und die Menschenrechte respektiert.\n<\/p>\n\n\n\n<p>\nKonkret lauten die Forderungen: vollst\u00e4ndiger Abzug der israelischen Truppen aus den besetzten Gebieten (Westjordanland, Ostjerusalem, Gaza, Libanon und Syrien);<br>\nvolle Gleichberechtigung aller israelischen B\u00fcrgerInnen, unabh\u00e4ngig von Religion und Ethnie;<br>\nUmsetzung der UN-Resolution 194 \u00fcber das R\u00fcckkehrrecht pal\u00e4stinensischer Fl\u00fcchtlinge.\n<\/p>\n\n\n\n<p>\nDie BDS-Bewegung will diese Ziele mit gewaltfreien Mitteln durchsetzen, und zwar durch Boykott von und Sanktionen gegen Unternehmen und Institutionen,<br>\ndie die israelische Politik der Vertreibung und Vernichtung der Pal\u00e4stinenserInnen direkt oder indirekt unterst\u00fctzen und f\u00f6rdern.\n<\/p>\n\n\n\n<p>\nEin weiteres Mittel ist der Abzug von Geld aus solchen Unternehmen und Institutionen (etwa durch den Verkauf von Unternehmensanteilen).<br>\nDie BDS-Bewegung sammelt und verbreitet einschl\u00e4gige Informationen \u00fcber Unternehmen und Institutionen und ruft zu Boykott, Sanktionen und Desinvestition auf<br>\nund fordert vor allem auch keine Kooperationen mit Israel im R\u00fcstungsbereich.\n<\/p>\n\n\n\n<h3 class=\"wp-block-heading\">Warum bekennt sich die Steirische Friedensplattform zu den Zielen der BDS-Bewegung?<\/h3>\n\n\n\n<p>\nWir sind solidarisch mit dem unvorstellbar leidenden und in seiner Existenz bedrohten pal\u00e4stinensischen Volk und setzen uns f\u00fcr einen gerechten Frieden in Pal\u00e4stina und Israel ein.\n<\/p>\n\n\n\n<p>\nDer Abzug der israelischen Truppen aus den besetzten Gebieten, ein Ende der Apartheid-Politik gegen\u00fcber nicht-j\u00fcdischen B\u00fcrger:innen Israels<br>\nsowie die Umsetzung aller UN-Resolutionen zu Israel und Pal\u00e4stina sind daf\u00fcr unabdingbar.\n<\/p>\n\n\n\n<p>\nWir erachten Boykott, Sanktionen und Desinvestition als legitime Mittel, um Druck auf einen Staat auszu\u00fcben, der seit Jahrzehnten V\u00f6lkerrecht und Menschenrechte mit F\u00fc\u00dfen tritt,<br>\nUN-Resolutionen ignoriert und seit mehr als zwei Jahren einen genozidalen Krieg gegen die Menschen in Gaza f\u00fchrt.\n<\/p>\n\n\n\n<h3 class=\"wp-block-heading\">Mit welcher Begr\u00fcndung wurde 2019 im Grazer Gemeinderat der BDS-Beschluss gefasst?<\/h3>\n\n\n\n<p>\nDer BDS-Beschluss beruht auf der Einsch\u00e4tzung, dass die BDS-Bewegung antisemitisch sei.<br>\nDiese Einsch\u00e4tzung beruht auf der \u2013 f\u00e4lschlichen \u2013 Gleichsetzung von Antisemitismus mit Antizionismus und Israel-Kritik.\n<\/p>\n\n\n\n<h3 class=\"wp-block-heading\">Ist die BDS-Bewegung antisemitisch, antizionistisch und\/oder israel-kritisch?<\/h3>\n\n\n\n<p>\nDie BDS-Bewegung ist antizionistisch und israel-kritisch, aber nicht antisemitisch.\n<\/p>\n\n\n\n<p>\nAntisemitismus ist eine negative Einstellung gegen\u00fcber Menschen, weil sie einer bestimmten Ethnie angeh\u00f6ren.<br>\nDie BDS-Bewegung ist nicht antisemitisch, weil sie sich nicht gegen j\u00fcdische Menschen als Angeh\u00f6rige einer bestimmten Ethnie richtet.<br>\nAuch anti-zionistische J\u00fcd:innen unterst\u00fctzen BDS.\n<\/p>\n\n\n\n<p>\nAntizionismus ist eine negative Einstellung gegen\u00fcber der israelischen Staatsideologie, dem Zionismus.<br>\nZionismus ist der j\u00fcdische Nationalismus. Er beansprucht Vorrechte f\u00fcr das j\u00fcdische Volk.\n<\/p>\n\n\n\n<p>\nAnh\u00e4nger des Zionismus erheben Anspruch auf das Gesamtgebiet Pal\u00e4stinas und Teile Syriens und des Libanon.<br>\nSie wollen auf diesem Gebiet einen Staat errichten, in dem nicht-j\u00fcdische Menschen allenfalls als Minderheit und ohne staatsb\u00fcrgerliche Rechte geduldet sind.\n<\/p>\n\n\n\n<p>\nDies bedeutet, dass die Pal\u00e4stinenserInnen mehrheitlich vertrieben oder ermordet werden m\u00fcssen.<br>\nDie BDS-Bewegung verurteilt diese Ideologie.\n<\/p>\n","protected":false},"excerpt":{"rendered":"<p>\ud83d\udc49 Hier geht es zur Petition Solidarit\u00e4t mit Pal\u00e4stina Der \u201eBDS-Beschluss\u201c des Grazer Gemeinderates vom 14. November 2019 im Wortlaut: \u201eSt\u00e4dtische Dienststellen d\u00fcrfen keine Veranstaltungen von Gruppierungen unterst\u00fctzen, welche die Ziele der BDS-Bewegung (,Boycott, Divestment, Sanctions\u2018) verfolgen oder f\u00fcr diese werben.\u201c Was dieser Beschluss in der Praxis bedeutet: Zum Beispiel: Die Steirische Friedensplattform m\u00f6chte einen &hellip; <a href=\"https:\/\/www.friedensplattform.at\/?p=8337\" class=\"more-link\"><span class=\"screen-reader-text\">Gegen die Einschr\u00e4nkung der Meinungsfreiheit in Graz!<\/span> weiterlesen <span class=\"meta-nav\">&rarr;<\/span><\/a><\/p>\n","protected":false},"author":2,"featured_media":0,"comment_status":"open","ping_status":"open","sticky":false,"template":"","format":"standard","meta":{"footnotes":""},"categories":[1],"tags":[],"class_list":["post-8337","post","type-post","status-publish","format-standard","hentry","category-allgemein"],"_links":{"self":[{"href":"https:\/\/www.friedensplattform.at\/index.php?rest_route=\/wp\/v2\/posts\/8337","targetHints":{"allow":["GET"]}}],"collection":[{"href":"https:\/\/www.friedensplattform.at\/index.php?rest_route=\/wp\/v2\/posts"}],"about":[{"href":"https:\/\/www.friedensplattform.at\/index.php?rest_route=\/wp\/v2\/types\/post"}],"author":[{"embeddable":true,"href":"https:\/\/www.friedensplattform.at\/index.php?rest_route=\/wp\/v2\/users\/2"}],"replies":[{"embeddable":true,"href":"https:\/\/www.friedensplattform.at\/index.php?rest_route=%2Fwp%2Fv2%2Fcomments&post=8337"}],"version-history":[{"count":4,"href":"https:\/\/www.friedensplattform.at\/index.php?rest_route=\/wp\/v2\/posts\/8337\/revisions"}],"predecessor-version":[{"id":8517,"href":"https:\/\/www.friedensplattform.at\/index.php?rest_route=\/wp\/v2\/posts\/8337\/revisions\/8517"}],"wp:attachment":[{"href":"https:\/\/www.friedensplattform.at\/index.php?rest_route=%2Fwp%2Fv2%2Fmedia&parent=8337"}],"wp:term":[{"taxonomy":"category","embeddable":true,"href":"https:\/\/www.friedensplattform.at\/index.php?rest_route=%2Fwp%2Fv2%2Fcategories&post=8337"},{"taxonomy":"post_tag","embeddable":true,"href":"https:\/\/www.friedensplattform.at\/index.php?rest_route=%2Fwp%2Fv2%2Ftags&post=8337"}],"curies":[{"name":"wp","href":"https:\/\/api.w.org\/{rel}","templated":true}]}}