{"id":844,"date":"2009-04-29T22:53:17","date_gmt":"2009-04-29T20:53:17","guid":{"rendered":"http:\/\/www.luxorbis.org\/friedensplattform.at\/?p=844"},"modified":"2009-04-29T22:53:17","modified_gmt":"2009-04-29T20:53:17","slug":"artikel-der-ag-friedensforschung-krise-nicht-auf-dem-waffenmarkt","status":"publish","type":"post","link":"https:\/\/www.friedensplattform.at\/?p=844","title":{"rendered":"Artikel der AG Friedensforschung: Krise? Nicht auf dem Waffenmarkt"},"content":{"rendered":"<p><strong>Das schwedische Friedensforschungsinstitut SIPRI ver\u00f6ffentlichte Zahlen zum weltweiten R\u00fcstungsmarkt &#8211; Stimmen aus der Friedensbewegung<\/strong><\/p>\n<p>Im Folgenden dokumentieren wir zwei Stellungnahmen zum j\u00fcngsten R\u00fcstungsexport-Bericht des Stockholmer Friedensforschungsinstituts SIPRI. Die erste kommt vom Bundesausschuss Friedensratschlag, die zweite von pax christi. Die Zahlen von SIPRI sind hier nachzulesen: <a title=\"Sipri\" href=\"http:\/\/www.sipri.org\/contents\/armstrad\/SIPRIFS0904.pdf\" target=\"_blank\">www.sipri.org<\/a> (externer Link).<\/p>\n<p><a title=\"Uni Kassel AG Friedensforschung\" href=\"http:\/\/www.uni-kassel.de\/fb5\/frieden\/themen\/export\/baf2.html\" target=\"_blank\">Weiterlesen auf den Seiten der Uni Kassel<\/a><\/p>\n","protected":false},"excerpt":{"rendered":"<p>Das schwedische Friedensforschungsinstitut SIPRI ver\u00f6ffentlichte Zahlen zum weltweiten R\u00fcstungsmarkt &#8211; Stimmen aus der Friedensbewegung Im Folgenden dokumentieren wir zwei Stellungnahmen zum j\u00fcngsten R\u00fcstungsexport-Bericht des Stockholmer Friedensforschungsinstituts SIPRI. Die erste kommt vom Bundesausschuss Friedensratschlag, die zweite von pax christi. Die Zahlen von SIPRI sind hier nachzulesen: www.sipri.org (externer Link). Weiterlesen auf den Seiten der Uni Kassel<\/p>\n","protected":false},"author":1,"featured_media":0,"comment_status":"open","ping_status":"open","sticky":false,"template":"","format":"standard","meta":{"footnotes":""},"categories":[1],"tags":[],"class_list":["post-844","post","type-post","status-publish","format-standard","hentry","category-allgemein"],"_links":{"self":[{"href":"https:\/\/www.friedensplattform.at\/index.php?rest_route=\/wp\/v2\/posts\/844","targetHints":{"allow":["GET"]}}],"collection":[{"href":"https:\/\/www.friedensplattform.at\/index.php?rest_route=\/wp\/v2\/posts"}],"about":[{"href":"https:\/\/www.friedensplattform.at\/index.php?rest_route=\/wp\/v2\/types\/post"}],"author":[{"embeddable":true,"href":"https:\/\/www.friedensplattform.at\/index.php?rest_route=\/wp\/v2\/users\/1"}],"replies":[{"embeddable":true,"href":"https:\/\/www.friedensplattform.at\/index.php?rest_route=%2Fwp%2Fv2%2Fcomments&post=844"}],"version-history":[{"count":0,"href":"https:\/\/www.friedensplattform.at\/index.php?rest_route=\/wp\/v2\/posts\/844\/revisions"}],"wp:attachment":[{"href":"https:\/\/www.friedensplattform.at\/index.php?rest_route=%2Fwp%2Fv2%2Fmedia&parent=844"}],"wp:term":[{"taxonomy":"category","embeddable":true,"href":"https:\/\/www.friedensplattform.at\/index.php?rest_route=%2Fwp%2Fv2%2Fcategories&post=844"},{"taxonomy":"post_tag","embeddable":true,"href":"https:\/\/www.friedensplattform.at\/index.php?rest_route=%2Fwp%2Fv2%2Ftags&post=844"}],"curies":[{"name":"wp","href":"https:\/\/api.w.org\/{rel}","templated":true}]}}