{"id":863,"date":"2009-05-23T11:46:51","date_gmt":"2009-05-23T09:46:51","guid":{"rendered":"http:\/\/www.luxorbis.org\/friedensplattform.at\/?p=863"},"modified":"2009-05-23T11:46:51","modified_gmt":"2009-05-23T09:46:51","slug":"protestmail-an-eu-abgeordnete","status":"publish","type":"post","link":"https:\/\/www.friedensplattform.at\/?p=863","title":{"rendered":"Protestmail an EU-Abgeordnete"},"content":{"rendered":"<p><!-- \t --><span style=\"text-decoration: underline;\">Freunde und Freundinnen Pal\u00e4stinas!<\/span><\/p>\n<p>Am 7. Juni ist die Europawahl. Bei dieser Wahl sind B\u00fcrgerInnen der EU aufgefordert, Abgeordnete ins Europ\u00e4ische Parlament zu w\u00e4hlen.<\/p>\n<p>Das europ\u00e4ische Parlament hat 1995 mit Israel ein Assoziierungsabkommen geschlossen.<\/p>\n<p><!--more--><\/p>\n<p>Art. 2 des Abkommens verlangt die <em><strong>Respektierung von Menschenrechten <\/strong><\/em>als \u201ewesentlichem Bestandteil&#8220;.  Die Verletzung des Art. 2 w\u00e4re damit ein Rechtsgrund mindestens f\u00fcr die Aussetzung des Abkommens. Zudem sind Unterzeichnerstaaten der IV. Genfer Konvention verpflichtet, die Einhaltung des humanit\u00e4ren V\u00f6lkerrechts und der Menschenrechte zu garantieren.<\/p>\n<p><strong>Trotz <\/strong><\/p>\n<ul>\n<li>andauernder, massiver \tMenschenrechtsverletzungen an der pal\u00e4stinensischen Bev\u00f6lkerung<\/li>\n<li>willk\u00fcrlichen Inhaftierungen von \tPal\u00e4stinenserInnen, auch Kindern, und Anwendung von Folter in \tisraelischen Gef\u00e4ngnissen<\/li>\n<li>st\u00e4ndigen Zwangsenteignungen und \tLandraub an pal\u00e4stinensischer B\u00e4uerInnen<\/li>\n<li>Installierung von Wehrd\u00f6rfern auf \tdiesem geraubten Land<\/li>\n<li>wieder Landraub, Aushungerung und \ttotale \u00dcberwachung durch Mauerbau und zahllose \tMilit\u00e4rkontrollstationen mit entw\u00fcrdigenden Kontrollprozeduren<\/li>\n<li>Strangulierung und Aushungerung \tvon 1.5 Mio. Menschen im Gazastreifen<\/li>\n<li>Missachtung und Bruch des \tinternationalen V\u00f6lkerrechts<\/li>\n<li>Kriegsverbrechen im Gazastreifen, \tw\u00e4hrend der Operation \u201egegossenes Blei&#8220;<\/li>\n<li>Missachtung s\u00e4mtlicher \tangestammter, durch zahlreiche internationale Gesetze und \tUN-Resolutionen best\u00e4tigte Rechte des pal\u00e4stinensischen Volkes<\/li>\n<li>&#8230;<\/li>\n<\/ul>\n<p><strong>hat die EU keine Sanktionen gegen Israel ergriffen.<\/strong><\/p>\n<p>Seit 2007 f\u00fchrt die EU-Kommission &#8211; \u00fcber das Parlament hinweg &#8211; Geheimverhandlungen mit Israel, welches \u201egleiche <em>Rechte<\/em> wie ein EU-Mitgliedsstaat&#8220; haben will. Die <em>Pflichten<\/em> hingegen l\u00e4sst sich die EU von Israel diktieren: Stillschweigen bis hin zur offenen Bef\u00fcrwortung der Verbrechen am pal\u00e4stinensischen Volk, Demontage aller internationalen Rechtsnormen, Implementierung von Dominanz durch Krieg, Waffen und Milit\u00e4rgewalt.<\/p>\n<p>Im J\u00e4nner, w\u00e4hrend der israelischen Invasion in Gaza wurde nicht das Abkommen, sondern lediglich die Gespr\u00e4che \u00fcber \u201eupgrading relations&#8220; &#8211; mit denen die neoliberale Wirtschaftsideologie einen n\u00e4chsten Tritt gegen die Menschlichkeit vorbereitet &#8211; ausgesetzt.<\/p>\n<p>Diese zahnlose rein \u201etechnische Aussetzung&#8220; (Wortlaut: Frau Ferrero-Waldner), kam erst auf Druck der wichtigsten humanit\u00e4ren Hilfsorganisationen in Europa zustande. Das israelische Au\u00dfenministerium drohte der EU daraufhin mit der Aufk\u00fcndigung der Zusammenarbeit mit der EU-Abteilung f\u00fcr humanit\u00e4re Hilfe(!).<\/p>\n<p>Israel ist einer der gr\u00f6\u00dften Handelspartner der EU im Mittelmeerraum. Es ist im Rahmenprogramm f\u00fcr Forschung und Entwicklung assoziiert und am Raumfahrtprogramm Galileo beteiligt. Israel will sich als Fremdenverkehrsland verkaufen.  F\u00fcr den sch\u00f6nen Urlaub am Tel-Aviv-Strand &#8211; gleich neben den verhungernden Pal\u00e4stinenserInnen-  hat die EU im Februar dieses Jahres(!) den Entwurf einer Entschlie\u00dfung f\u00fcr ein umfassendes Luftverkehrsabkommen beschlossen.<\/p>\n<p>Am 17.2.2009 haben die EU-Abgeodneten  mit nur 1ner Gegenstimme bei der Schlu\u00dfabstimmung im Parlamentsausschuss dieser Entschlie\u00dfung zugestimmt.*<\/p>\n<p>Es ist ein Skandal, dass \u00f6sterreichische EU-ParlamentarierInnen, namentlich<\/p>\n<p>J\u00f6rg Leichtfried (SP\u00d6),<\/p>\n<p>Reinhard Rack (\u00d6VP),<\/p>\n<p>Eva Lichtenberger (Gr\u00fcne)<\/p>\n<p>f\u00fcr diese Entschlie\u00dfung gestimmt haben!<\/p>\n<p>\u201e<strong>Gegossenes Blei&#8220; aus der EU, um es auf den Punkt zu bringen!<\/strong><\/p>\n<p>Solch ein Abgeordnetenverhalten ist besch\u00e4mend und f\u00fcr jeden Menschen mit Herz und Verstand absolut unakzeptabel. Das war Proinsias De Rossa, Abgeordnetem der sozialdemokratischen PSE klar, als er <strong>gegen<\/strong> die Entschlie\u00dfung stimmte: <em>\u201e..given recent events in Gaza; involving the brutal and indiscriminate slaughter of civilians, and, the levelling of Gazan infrastructure, effectively obliterating billions in European development aid..&#8220;<\/em> **<\/p>\n<p><strong>Um unseren Protest \u00fcber das Abstimmungsverhalten der \u00f6sterr. Abgeordneten zum Ausdruck zu bringen, fordern wir Euch, jede und jeden einzelne\/n dazu auf, ein Protestmail an die Abgeordneten zu schicken:<\/strong><\/p>\n<ul>\n<li>Wir planen Aktionen, um die \tMitt\u00e4terschaft der EU an den vergangenen und gegenw\u00e4rtigen \tVerbrechen an den Pal\u00e4stinenserInnen in der \u00d6ffentlichkeit zu \tthematisieren!<\/li>\n<\/ul>\n<ul>\n<li>Wir werden nicht dazu schweigen, \twenn EU Abgeordnete in unserem Namen den israelischen Genozid am \tpal\u00e4stinensischen Volk guthei\u00dfen und durch ihr \tAbstimmungsverhalten weiter anheizen!<\/li>\n<\/ul>\n<ul>\n<li>WIR wollen NICHT f\u00fcr diese \tVERBRECHEN von den zuk\u00fcnftigen Generationen verantwortlich gemacht \twerden!<\/li>\n<\/ul>\n<p>Daher fordern wir:<\/p>\n<ul>\n<li>Sofortige Aussetzung bis hin zu \tAnnullierung aller bislang getroffenen Abkommen mit dem Staat Israel \tsowie<\/li>\n<li>Abbruch der diplomatischen \tBeziehungen und<\/li>\n<li>Sanktionen gegen\u00fcber Israel \tsolange die Menschen- und V\u00f6lkerrechtsverletzungen andauern<\/li>\n<li>Strafrechtliche Verfolgung der \tVerantwortlichen f\u00fcr die an den Pal\u00e4stinenserInnen begangenen \tKriegsverbrechen<\/li>\n<li>Freilassung der politischen \tGefangenen<\/li>\n<li>Diplomatischer Druck zur<\/li>\n<\/ul>\n<p>Durchsetzung des Rechts auf R\u00fcckkehr aller vertriebenen Pal\u00e4stinenserInnen und<\/p>\n<p>Durchsetzung des pal\u00e4stinensischen Selbstbestimmungsrechts<\/p>\n<p>Durchsetzung des Endes der Besatzung und R\u00fcckgabe aller besetzten Gebiete und \t\tL\u00e4nderein, einschlie\u00dflich Jerusalem<\/p>\n<p>Wir bitten Euch einige S\u00e4tze &#8211; gegebenenfalls auf der Grundlage dieses Textes- selbst zu formulieren, damit die Mails nicht in irgendwelchen Filtern landen und damit wirkungslos bleiben.<\/p>\n<p>Handelt sofort und SCHREIBT!<\/p>\n<p>VERLANGT EINE STELLUNGNAHME!<\/p>\n<p><span style=\"text-decoration: underline;\">Hier die Mail-Adressen: <\/span><\/p>\n<p>SP\u00d6:<\/p>\n<p><strong>Hannes SWOBODA :<\/strong> <span style=\"text-decoration: underline;\"><a href=\"mailto:hannes.swoboda@europarl.europa.eu\">hannes.swoboda@europarl.europa.eu<\/a><\/span><\/p>\n<p><strong>J\u00f6rg LEICHTFRIED :<\/strong> <span style=\"text-decoration: underline;\"><a href=\"mailto:joerg.leichtfried@europarl.europa.eu\">joerg.leichtfried@europarl.europa.eu<\/a><\/span><\/p>\n<p><strong>\u00d6VP:<\/strong><\/p>\n<p><strong>Reinhard RACK:<\/strong> <span style=\"text-decoration: underline;\"><a href=\"mailto:reinhard.rack@europarl.europa.eu\" target=\"_blank\">reinhard.rack@europarl.europa.eu<\/a><\/span><\/p>\n<p><strong>Ernst STRASSER:<\/strong><strong> <\/strong><span style=\"text-decoration: underline;\"><a href=\"mailto:email@oevp.at\" target=\"_blank\">email@oevp.at<\/a><\/span> <strong><br \/>\n<\/strong><strong>Othmar KARAS:<\/strong><strong> <\/strong><span style=\"text-decoration: underline;\"><a href=\"mailto:othmar.karas@europarl.europa.eu\" target=\"_blank\">othmar.karas@europarl.europa.eu<\/a><\/span><\/p>\n<p><strong>Hella RANNER<\/strong><strong>:<\/strong> <span style=\"text-decoration: underline;\"><a href=\"mailto:email@oevp.at\" target=\"_blank\">email@oevp.at<\/a><\/span><\/p>\n<p>GR\u00dcNE:<\/p>\n<p><strong>Ulrike LUNACEK:<\/strong> <span style=\"text-decoration: underline;\"><a href=\"mailto:ulrike.lunacek@gruene.at\" target=\"_blank\">ulrike.lunacek@gruene.at<\/a><\/span><br \/>\n<strong>Eva LICHTENBERGER:<\/strong> <span style=\"text-decoration: underline;\"><a href=\"mailto:eva.lichtenberger@gruene.at\" target=\"_blank\">eva.lichtenberger@gruene.at<\/a><\/span><\/p>\n<p><strong>Johannes VOGGENHUBER:<\/strong> j<span style=\"text-decoration: underline;\"><a href=\"mailto:johannes.voggenhuber@gruene.at\" target=\"_blank\">ohannes.voggenhuber@gruene.at<\/a><\/span><\/p>\n<p><strong>Setzen wir mit diesen Protestmails ein Zeichen des Widerstands gegen alle Formen von Faschismus, Rechte Hetze, Neoliberalismus und Krieg!<\/strong><\/p>\n<p>Friedensplattform Steiermark<\/p>\n<p>Helga Suleiman<br \/>\nVeronika Rochhart<br \/>\nFranz S\u00f6lkner<br \/>\nJohann Sch\u00f6gler<br \/>\nKonrad Sch\u00f6n<\/p>\n<p>* <span style=\"text-decoration: underline;\"><a href=\"http:\/\/www.europarl.europa.eu\/sides\/getDoc.do?type=REPORT&amp;reference=A6-2009-0090&amp;language=DE\" target=\"_blank\">http:\/\/www.europarl.europa.eu\/sides\/getDoc.do?type=REPORT&amp;reference=A6-2009-0090&amp;language=DE<\/a><\/span><\/p>\n<p>** http:\/\/www.europarl.europa.eu\/sides\/getDoc.do?type=CRE&amp;reference=20090312&amp;secondRef=ITEM-010&amp;language=DE&amp;ring=A6-2009-0090#4-216<\/p>\n","protected":false},"excerpt":{"rendered":"<p>Freunde und Freundinnen Pal\u00e4stinas! Am 7. Juni ist die Europawahl. Bei dieser Wahl sind B\u00fcrgerInnen der EU aufgefordert, Abgeordnete ins Europ\u00e4ische Parlament zu w\u00e4hlen. Das europ\u00e4ische Parlament hat 1995 mit Israel ein Assoziierungsabkommen geschlossen.<\/p>\n","protected":false},"author":1,"featured_media":0,"comment_status":"open","ping_status":"open","sticky":false,"template":"","format":"standard","meta":{"footnotes":""},"categories":[5],"tags":[],"class_list":["post-863","post","type-post","status-publish","format-standard","hentry","category-arabischer-raum"],"_links":{"self":[{"href":"https:\/\/www.friedensplattform.at\/index.php?rest_route=\/wp\/v2\/posts\/863","targetHints":{"allow":["GET"]}}],"collection":[{"href":"https:\/\/www.friedensplattform.at\/index.php?rest_route=\/wp\/v2\/posts"}],"about":[{"href":"https:\/\/www.friedensplattform.at\/index.php?rest_route=\/wp\/v2\/types\/post"}],"author":[{"embeddable":true,"href":"https:\/\/www.friedensplattform.at\/index.php?rest_route=\/wp\/v2\/users\/1"}],"replies":[{"embeddable":true,"href":"https:\/\/www.friedensplattform.at\/index.php?rest_route=%2Fwp%2Fv2%2Fcomments&post=863"}],"version-history":[{"count":0,"href":"https:\/\/www.friedensplattform.at\/index.php?rest_route=\/wp\/v2\/posts\/863\/revisions"}],"wp:attachment":[{"href":"https:\/\/www.friedensplattform.at\/index.php?rest_route=%2Fwp%2Fv2%2Fmedia&parent=863"}],"wp:term":[{"taxonomy":"category","embeddable":true,"href":"https:\/\/www.friedensplattform.at\/index.php?rest_route=%2Fwp%2Fv2%2Fcategories&post=863"},{"taxonomy":"post_tag","embeddable":true,"href":"https:\/\/www.friedensplattform.at\/index.php?rest_route=%2Fwp%2Fv2%2Ftags&post=863"}],"curies":[{"name":"wp","href":"https:\/\/api.w.org\/{rel}","templated":true}]}}