{"id":865,"date":"2009-05-28T17:14:02","date_gmt":"2009-05-28T15:14:02","guid":{"rendered":"http:\/\/www.luxorbis.org\/friedensplattform.at\/?p=865"},"modified":"2009-05-28T17:14:02","modified_gmt":"2009-05-28T15:14:02","slug":"hoert-auf-mit-dem-wahnsinn","status":"publish","type":"post","link":"https:\/\/www.friedensplattform.at\/?p=865","title":{"rendered":"&quot;H&#246;rt auf mit dem Wahnsinn&quot;"},"content":{"rendered":"<p>In wenigen Wochen muss es in \u00d6sterreich, Deutschland und der Schweiz zu einer Entscheidung kommen, ob sie Kreditb\u00fcrgschaften f\u00fcr den umstrittenen Bau des Ilisu-Staudamms in der T\u00fcrkei \u00fcbernehmen oder nicht.<\/p>\n<p><a title=\"orf.at\" href=\"http:\/\/orf.at\/090527-38735\/index.html\" target=\"_blank\">Weiterlesen auf www.orf.at<\/a><\/p>\n","protected":false},"excerpt":{"rendered":"<p>In wenigen Wochen muss es in \u00d6sterreich, Deutschland und der Schweiz zu einer Entscheidung kommen, ob sie Kreditb\u00fcrgschaften f\u00fcr den umstrittenen Bau des Ilisu-Staudamms in der T\u00fcrkei \u00fcbernehmen oder nicht. Weiterlesen auf www.orf.at<\/p>\n","protected":false},"author":1,"featured_media":0,"comment_status":"open","ping_status":"open","sticky":false,"template":"","format":"standard","meta":{"footnotes":""},"categories":[1],"tags":[],"class_list":["post-865","post","type-post","status-publish","format-standard","hentry","category-allgemein"],"_links":{"self":[{"href":"https:\/\/www.friedensplattform.at\/index.php?rest_route=\/wp\/v2\/posts\/865","targetHints":{"allow":["GET"]}}],"collection":[{"href":"https:\/\/www.friedensplattform.at\/index.php?rest_route=\/wp\/v2\/posts"}],"about":[{"href":"https:\/\/www.friedensplattform.at\/index.php?rest_route=\/wp\/v2\/types\/post"}],"author":[{"embeddable":true,"href":"https:\/\/www.friedensplattform.at\/index.php?rest_route=\/wp\/v2\/users\/1"}],"replies":[{"embeddable":true,"href":"https:\/\/www.friedensplattform.at\/index.php?rest_route=%2Fwp%2Fv2%2Fcomments&post=865"}],"version-history":[{"count":0,"href":"https:\/\/www.friedensplattform.at\/index.php?rest_route=\/wp\/v2\/posts\/865\/revisions"}],"wp:attachment":[{"href":"https:\/\/www.friedensplattform.at\/index.php?rest_route=%2Fwp%2Fv2%2Fmedia&parent=865"}],"wp:term":[{"taxonomy":"category","embeddable":true,"href":"https:\/\/www.friedensplattform.at\/index.php?rest_route=%2Fwp%2Fv2%2Fcategories&post=865"},{"taxonomy":"post_tag","embeddable":true,"href":"https:\/\/www.friedensplattform.at\/index.php?rest_route=%2Fwp%2Fv2%2Ftags&post=865"}],"curies":[{"name":"wp","href":"https:\/\/api.w.org\/{rel}","templated":true}]}}