{"id":869,"date":"2009-06-01T22:53:13","date_gmt":"2009-06-01T20:53:13","guid":{"rendered":"http:\/\/www.luxorbis.org\/friedensplattform.at\/?p=869"},"modified":"2009-06-01T22:53:13","modified_gmt":"2009-06-01T20:53:13","slug":"diskussionsveranstaltung-mit-winfried-wolf-am-do-4-juni-2009","status":"publish","type":"post","link":"https:\/\/www.friedensplattform.at\/?p=869","title":{"rendered":"Diskussionsveranstaltung mit Winfried Wolf am Do. 4. Juni 2009"},"content":{"rendered":"<p style=\"margin-bottom: 0cm;\" align=\"center\"><span style=\"font-family: Times New Roman;\"><span style=\"font-size: medium;\"><strong>Die tiefste Wirtschaftskrise seit 1929: Ursachen &#8211; Folgen \u2013 Auswege<\/strong><\/span><\/span><\/p>\n<p style=\"margin-top: 0.1cm; margin-bottom: 0cm;\" align=\"center\"><span style=\"font-family: Times New Roman;\"><span style=\"font-size: xx-small;\">mit:<\/span><\/span><\/p>\n<p style=\"margin-bottom: 0cm;\" align=\"center\"><span style=\"font-family: Times New Roman;\"><span style=\"font-size: medium;\"><strong>Winfried Wolf<\/strong><\/span><\/span><\/p>\n<p style=\"margin-bottom: 0cm;\" align=\"center\"><span style=\"font-family: Times New Roman;\"><span style=\"font-size: small;\"><strong>Donnerstag, 4. Juni 2009, 20:00 Uhr<\/strong><\/span><\/span><\/p>\n<p style=\"margin-bottom: 0cm;\" align=\"center\"><span style=\"font-family: Times New Roman;\"><span style=\"font-size: small;\"><strong>Gr\u00fcne Akademie, Paulustorgasse 3\/1, Graz<\/strong><\/span><\/span><\/p>\n<p style=\"margin-bottom: 0cm;\" align=\"justify\"><span style=\"font-family: Times New Roman;\"><span style=\"font-size: small;\"><strong><!--more--><\/strong><\/span><\/span>Wie kaum ein anderer Autor verfolgt Winfried Wolf das Thema einer m\u00f6glichen Weltwirtschaftskrise in einem halben Dutzend B\u00fccher, die er in den vergangenen zwei Jahrzehnten ver\u00f6ffentlichte.<\/p>\n<p style=\"margin-bottom: 0cm;\" align=\"justify\">Wolf war Mitglied des Deutschen Bundestags 1994-2002; er ist Mitglied im Wissenschaftlichen Beirat von Attac Deutschland, Herausgeber der &#8222;Zeitung gegen den Krieg&#8220; und Chefredakteur von &#8222;Lunapark21 -Zeitschrift zur Kritik der globalen \u00d6konomie&#8220;<\/p>\n<p style=\"margin-bottom: 0cm;\" align=\"left\">Veranstalter: Steirische Friedensplattform<span style=\"font-family: Times New Roman;\"> (<a href=\"mailbox:\/\/\/C%7C\/Daten\/e-Post\/pop.gmx.net\/Inbox?number=209657750\">www.friedensplattform.at<\/a>); <a href=\"mailbox:\/\/\/C%7C\/Daten\/e-Post\/pop.gmx.net\/Inbox?number=209657750\">www.linkestmk.at<\/a>; <\/span>KORSO, Gr\u00fcne Akademie (Mitveranstalter)<\/p>\n<p style=\"margin-bottom: 0cm;\" align=\"justify\">Unterst\u00fctzt von: Renner Institut; KP-Bildungsverein<\/p>\n<p style=\"margin-bottom: 0cm;\" align=\"justify\"><img decoding=\"async\" src=\"mailbox:\/\/\/C%7C\/Daten\/e-Post\/mail.luxorbis.org\/Sent?number=16178883&amp;part=1.1.1.2&amp;filename=word-ri.jpg\" alt=\"\" \/><\/p>\n","protected":false},"excerpt":{"rendered":"<p>Die tiefste Wirtschaftskrise seit 1929: Ursachen &#8211; Folgen \u2013 Auswege mit: Winfried Wolf Donnerstag, 4. Juni 2009, 20:00 Uhr Gr\u00fcne Akademie, Paulustorgasse 3\/1, Graz<\/p>\n","protected":false},"author":1,"featured_media":0,"comment_status":"open","ping_status":"open","sticky":false,"template":"","format":"standard","meta":{"footnotes":""},"categories":[1],"tags":[],"class_list":["post-869","post","type-post","status-publish","format-standard","hentry","category-allgemein"],"_links":{"self":[{"href":"https:\/\/www.friedensplattform.at\/index.php?rest_route=\/wp\/v2\/posts\/869","targetHints":{"allow":["GET"]}}],"collection":[{"href":"https:\/\/www.friedensplattform.at\/index.php?rest_route=\/wp\/v2\/posts"}],"about":[{"href":"https:\/\/www.friedensplattform.at\/index.php?rest_route=\/wp\/v2\/types\/post"}],"author":[{"embeddable":true,"href":"https:\/\/www.friedensplattform.at\/index.php?rest_route=\/wp\/v2\/users\/1"}],"replies":[{"embeddable":true,"href":"https:\/\/www.friedensplattform.at\/index.php?rest_route=%2Fwp%2Fv2%2Fcomments&post=869"}],"version-history":[{"count":0,"href":"https:\/\/www.friedensplattform.at\/index.php?rest_route=\/wp\/v2\/posts\/869\/revisions"}],"wp:attachment":[{"href":"https:\/\/www.friedensplattform.at\/index.php?rest_route=%2Fwp%2Fv2%2Fmedia&parent=869"}],"wp:term":[{"taxonomy":"category","embeddable":true,"href":"https:\/\/www.friedensplattform.at\/index.php?rest_route=%2Fwp%2Fv2%2Fcategories&post=869"},{"taxonomy":"post_tag","embeddable":true,"href":"https:\/\/www.friedensplattform.at\/index.php?rest_route=%2Fwp%2Fv2%2Ftags&post=869"}],"curies":[{"name":"wp","href":"https:\/\/api.w.org\/{rel}","templated":true}]}}