{"id":88,"date":"2007-01-16T18:24:09","date_gmt":"2007-01-16T16:24:09","guid":{"rendered":"http:\/\/www.luxorbis.org\/friedensplattform.at\/?p=88"},"modified":"2007-01-16T18:24:09","modified_gmt":"2007-01-16T16:24:09","slug":"hinweis-auf-veranstaltung-befreundeter-organisationen-noch-chancen-auf-frieden-im-nahen-osten","status":"publish","type":"post","link":"https:\/\/www.friedensplattform.at\/?p=88","title":{"rendered":"Hinweis auf Veranstaltung befreundeter Organisationen: Noch Chancen auf Frieden im Nahen Osten?"},"content":{"rendered":"<p>Zeit: <strong>Mittwoch, 17. J\u00e4nner 2007, 19.30 Uhr<\/strong><br \/>\nOrt: <strong>Afro-Asiatisches Institut Graz<\/strong> (Veranstaltung ist im Erdgescho\u00df)<br \/>\n<strong>8010 Graz, Leechgasse 22<\/strong><br \/>\nVeranstalter: Gesellschaft f\u00fcr \u00d6sterreichisch-Arabische Beziehungen<br \/>\nVerein Pal\u00e4stina, Steiermark<\/p>\n<p><a href=\"http:\/\/www.luxorbis.org\/friedensplattform.at\/wp-content\/uploads\/2007\/08\/einladung_langer_graz.pdf\" title=\"Einladung_Felicia_Langer\">Einladung_Felicia_Langer<\/a><\/p>\n<p><!--more--><\/p>\n<p>Vortrag von<br \/>\nFelicia Langer<br \/>\nFelicia Langer ist israelische Anw\u00e4ltin, die sich jahrzehntelang f\u00fcr die<br \/>\nMenschenrechte der Pal\u00e4stinenser eingesetzt hat. Sie schlie\u00dft 1990 ihre<br \/>\nKanzlei in Israel aus Protest gegen das verrohte Rechtssystem Israels<br \/>\nund lebt seither in Deutschland als Autorin.<\/p>\n","protected":false},"excerpt":{"rendered":"<p>Zeit: Mittwoch, 17. J\u00e4nner 2007, 19.30 Uhr Ort: Afro-Asiatisches Institut Graz (Veranstaltung ist im Erdgescho\u00df) 8010 Graz, Leechgasse 22 Veranstalter: Gesellschaft f\u00fcr \u00d6sterreichisch-Arabische Beziehungen Verein Pal\u00e4stina, Steiermark Einladung_Felicia_Langer<\/p>\n","protected":false},"author":1,"featured_media":0,"comment_status":"open","ping_status":"open","sticky":false,"template":"","format":"standard","meta":{"footnotes":""},"categories":[5],"tags":[],"class_list":["post-88","post","type-post","status-publish","format-standard","hentry","category-arabischer-raum"],"_links":{"self":[{"href":"https:\/\/www.friedensplattform.at\/index.php?rest_route=\/wp\/v2\/posts\/88","targetHints":{"allow":["GET"]}}],"collection":[{"href":"https:\/\/www.friedensplattform.at\/index.php?rest_route=\/wp\/v2\/posts"}],"about":[{"href":"https:\/\/www.friedensplattform.at\/index.php?rest_route=\/wp\/v2\/types\/post"}],"author":[{"embeddable":true,"href":"https:\/\/www.friedensplattform.at\/index.php?rest_route=\/wp\/v2\/users\/1"}],"replies":[{"embeddable":true,"href":"https:\/\/www.friedensplattform.at\/index.php?rest_route=%2Fwp%2Fv2%2Fcomments&post=88"}],"version-history":[{"count":0,"href":"https:\/\/www.friedensplattform.at\/index.php?rest_route=\/wp\/v2\/posts\/88\/revisions"}],"wp:attachment":[{"href":"https:\/\/www.friedensplattform.at\/index.php?rest_route=%2Fwp%2Fv2%2Fmedia&parent=88"}],"wp:term":[{"taxonomy":"category","embeddable":true,"href":"https:\/\/www.friedensplattform.at\/index.php?rest_route=%2Fwp%2Fv2%2Fcategories&post=88"},{"taxonomy":"post_tag","embeddable":true,"href":"https:\/\/www.friedensplattform.at\/index.php?rest_route=%2Fwp%2Fv2%2Ftags&post=88"}],"curies":[{"name":"wp","href":"https:\/\/api.w.org\/{rel}","templated":true}]}}