{"id":881,"date":"2009-06-11T21:58:26","date_gmt":"2009-06-11T19:58:26","guid":{"rendered":"http:\/\/www.luxorbis.org\/friedensplattform.at\/?p=881"},"modified":"2009-06-11T21:58:26","modified_gmt":"2009-06-11T19:58:26","slug":"die-tiefste-wirtschaftskrise-seit-1929-ursachen-folgen-auswege-zum-nachhoeren","status":"publish","type":"post","link":"https:\/\/www.friedensplattform.at\/?p=881","title":{"rendered":"Die tiefste Wirtschaftskrise seit 1929: Ursachen &#8211; Folgen \u2013 Auswege zum Nachh&#246;ren"},"content":{"rendered":"<p>Hier k\u00f6nnt ihr das Referat von Winfried Wolf nachh\u00f6ren:<\/p>\n<p><a href=\"http:\/\/www.luxorbis.org\/friedensplattform.at\/wp-content\/uploads\/2009\/06\/winfried_wolf_graz_20090604_32.mp3\">Winfried_Wolf_Graz_20090604<\/a><\/p>\n[audio:winfried_wolf_Graz_20090604_32.mp3]\n<p>Hier k\u00f6nnt ihr die Beitrge von Dr. Ilse Reinprecht und von Franz Stephan Parteder nachh\u00f6ren:<\/p>\n<p><a href=\"http:\/\/www.luxorbis.org\/friedensplattform.at\/wp-content\/uploads\/2009\/06\/winfried_wolf_graz_20090604_referate_32.mp3\">Winfried_Wolf_Graz_Beitraege Reinprecht Parteder<\/a><\/p>\n","protected":false},"excerpt":{"rendered":"<p>Hier k\u00f6nnt ihr das Referat von Winfried Wolf nachh\u00f6ren: Winfried_Wolf_Graz_20090604 [audio:winfried_wolf_Graz_20090604_32.mp3] Hier k\u00f6nnt ihr die Beitrge von Dr. Ilse Reinprecht und von Franz Stephan Parteder nachh\u00f6ren: Winfried_Wolf_Graz_Beitraege Reinprecht Parteder<\/p>\n","protected":false},"author":1,"featured_media":0,"comment_status":"open","ping_status":"open","sticky":false,"template":"","format":"standard","meta":{"footnotes":""},"categories":[1],"tags":[],"class_list":["post-881","post","type-post","status-publish","format-standard","hentry","category-allgemein"],"_links":{"self":[{"href":"https:\/\/www.friedensplattform.at\/index.php?rest_route=\/wp\/v2\/posts\/881","targetHints":{"allow":["GET"]}}],"collection":[{"href":"https:\/\/www.friedensplattform.at\/index.php?rest_route=\/wp\/v2\/posts"}],"about":[{"href":"https:\/\/www.friedensplattform.at\/index.php?rest_route=\/wp\/v2\/types\/post"}],"author":[{"embeddable":true,"href":"https:\/\/www.friedensplattform.at\/index.php?rest_route=\/wp\/v2\/users\/1"}],"replies":[{"embeddable":true,"href":"https:\/\/www.friedensplattform.at\/index.php?rest_route=%2Fwp%2Fv2%2Fcomments&post=881"}],"version-history":[{"count":0,"href":"https:\/\/www.friedensplattform.at\/index.php?rest_route=\/wp\/v2\/posts\/881\/revisions"}],"wp:attachment":[{"href":"https:\/\/www.friedensplattform.at\/index.php?rest_route=%2Fwp%2Fv2%2Fmedia&parent=881"}],"wp:term":[{"taxonomy":"category","embeddable":true,"href":"https:\/\/www.friedensplattform.at\/index.php?rest_route=%2Fwp%2Fv2%2Fcategories&post=881"},{"taxonomy":"post_tag","embeddable":true,"href":"https:\/\/www.friedensplattform.at\/index.php?rest_route=%2Fwp%2Fv2%2Ftags&post=881"}],"curies":[{"name":"wp","href":"https:\/\/api.w.org\/{rel}","templated":true}]}}