{"id":892,"date":"2009-06-19T18:18:02","date_gmt":"2009-06-19T16:18:02","guid":{"rendered":"http:\/\/www.luxorbis.org\/friedensplattform.at\/?p=892"},"modified":"2009-06-19T18:18:02","modified_gmt":"2009-06-19T16:18:02","slug":"artikel-der-fr-online-ilisu-staudamm-in-der-tuerkei-deutschland-laesst-mega-projekt-fallen","status":"publish","type":"post","link":"https:\/\/www.friedensplattform.at\/?p=892","title":{"rendered":"Artikel der fr-online: Ilisu-Staudamm in der T&#252;rkei: Deutschland l&#228;sst Mega-Projekt fallen"},"content":{"rendered":"<p><em>Von Tobias Schwab<\/em><\/p>\n<p>Die Bundesregierung steigt aus dem umstrittenen Ilisu-Staudamm-Projekt der T\u00fcrkei aus. Nach Informationen von FR-online.de wird Deutschland die Zusage einer Exportb\u00fcrgschaft f\u00fcr das umstrittene Vorhaben am Tigris nach dem 6. Juli endg\u00fcltig zur\u00fcckziehen.<\/p>\n<p><a title=\"fr-online\" href=\"http:\/\/www.fr-online.de\/in_und_ausland\/wirtschaft\/aktuell\/1803702_Ilisu-Staudamm-in-der-Tuerkei-Deutschland-laesst-Mega-Projekt-fallen.html\" target=\"_blank\">Weiterlesen auf den Seiten der Frankfurter Rundschau<\/a><\/p>\n","protected":false},"excerpt":{"rendered":"<p>Von Tobias Schwab Die Bundesregierung steigt aus dem umstrittenen Ilisu-Staudamm-Projekt der T\u00fcrkei aus. Nach Informationen von FR-online.de wird Deutschland die Zusage einer Exportb\u00fcrgschaft f\u00fcr das umstrittene Vorhaben am Tigris nach dem 6. Juli endg\u00fcltig zur\u00fcckziehen. Weiterlesen auf den Seiten der Frankfurter Rundschau<\/p>\n","protected":false},"author":1,"featured_media":0,"comment_status":"open","ping_status":"open","sticky":false,"template":"","format":"standard","meta":{"footnotes":""},"categories":[1],"tags":[],"class_list":["post-892","post","type-post","status-publish","format-standard","hentry","category-allgemein"],"_links":{"self":[{"href":"https:\/\/www.friedensplattform.at\/index.php?rest_route=\/wp\/v2\/posts\/892","targetHints":{"allow":["GET"]}}],"collection":[{"href":"https:\/\/www.friedensplattform.at\/index.php?rest_route=\/wp\/v2\/posts"}],"about":[{"href":"https:\/\/www.friedensplattform.at\/index.php?rest_route=\/wp\/v2\/types\/post"}],"author":[{"embeddable":true,"href":"https:\/\/www.friedensplattform.at\/index.php?rest_route=\/wp\/v2\/users\/1"}],"replies":[{"embeddable":true,"href":"https:\/\/www.friedensplattform.at\/index.php?rest_route=%2Fwp%2Fv2%2Fcomments&post=892"}],"version-history":[{"count":0,"href":"https:\/\/www.friedensplattform.at\/index.php?rest_route=\/wp\/v2\/posts\/892\/revisions"}],"wp:attachment":[{"href":"https:\/\/www.friedensplattform.at\/index.php?rest_route=%2Fwp%2Fv2%2Fmedia&parent=892"}],"wp:term":[{"taxonomy":"category","embeddable":true,"href":"https:\/\/www.friedensplattform.at\/index.php?rest_route=%2Fwp%2Fv2%2Fcategories&post=892"},{"taxonomy":"post_tag","embeddable":true,"href":"https:\/\/www.friedensplattform.at\/index.php?rest_route=%2Fwp%2Fv2%2Ftags&post=892"}],"curies":[{"name":"wp","href":"https:\/\/api.w.org\/{rel}","templated":true}]}}