{"id":896,"date":"2009-06-22T21:32:29","date_gmt":"2009-06-22T19:32:29","guid":{"rendered":"http:\/\/www.luxorbis.org\/friedensplattform.at\/?p=896"},"modified":"2009-06-22T21:32:29","modified_gmt":"2009-06-22T19:32:29","slug":"konzert-fuer-palaestina","status":"publish","type":"post","link":"https:\/\/www.friedensplattform.at\/?p=896","title":{"rendered":"Konzert f&#252;r Pal&#228;stina"},"content":{"rendered":"<p><strong>Termin:  \t25. Juni 2009, 19.30 Uhr<br \/>\nOrt: \tGro\u00dfer Saal der Landesbuchhaltung, Burggasse 13\/I.<\/strong><\/p>\n<p>Zum &#8222;Konzert f\u00fcr Pal\u00e4stina&#8220; von Marwan Abado und Peter Rosmanith mit einer freiwilligen Eintrittsspende von 5,- Euro.<br \/>\nDer Erl\u00f6s wird f\u00fcr den Aufbau einer mobilen Physio\/Psychotherapie im Gazastreifen verwendet.<\/p>\n<p>Veranstalter: Gesellschaft f\u00fcr \u00d6sterreichisch-Arabische Beziehungen\/Landesgruppe Steiermark.<\/p>\n","protected":false},"excerpt":{"rendered":"<p>Termin: 25. Juni 2009, 19.30 Uhr Ort: Gro\u00dfer Saal der Landesbuchhaltung, Burggasse 13\/I. Zum &#8222;Konzert f\u00fcr Pal\u00e4stina&#8220; von Marwan Abado und Peter Rosmanith mit einer freiwilligen Eintrittsspende von 5,- Euro. Der Erl\u00f6s wird f\u00fcr den Aufbau einer mobilen Physio\/Psychotherapie im Gazastreifen verwendet. Veranstalter: Gesellschaft f\u00fcr \u00d6sterreichisch-Arabische Beziehungen\/Landesgruppe Steiermark.<\/p>\n","protected":false},"author":1,"featured_media":0,"comment_status":"open","ping_status":"open","sticky":false,"template":"","format":"standard","meta":{"footnotes":""},"categories":[5],"tags":[],"class_list":["post-896","post","type-post","status-publish","format-standard","hentry","category-arabischer-raum"],"_links":{"self":[{"href":"https:\/\/www.friedensplattform.at\/index.php?rest_route=\/wp\/v2\/posts\/896","targetHints":{"allow":["GET"]}}],"collection":[{"href":"https:\/\/www.friedensplattform.at\/index.php?rest_route=\/wp\/v2\/posts"}],"about":[{"href":"https:\/\/www.friedensplattform.at\/index.php?rest_route=\/wp\/v2\/types\/post"}],"author":[{"embeddable":true,"href":"https:\/\/www.friedensplattform.at\/index.php?rest_route=\/wp\/v2\/users\/1"}],"replies":[{"embeddable":true,"href":"https:\/\/www.friedensplattform.at\/index.php?rest_route=%2Fwp%2Fv2%2Fcomments&post=896"}],"version-history":[{"count":0,"href":"https:\/\/www.friedensplattform.at\/index.php?rest_route=\/wp\/v2\/posts\/896\/revisions"}],"wp:attachment":[{"href":"https:\/\/www.friedensplattform.at\/index.php?rest_route=%2Fwp%2Fv2%2Fmedia&parent=896"}],"wp:term":[{"taxonomy":"category","embeddable":true,"href":"https:\/\/www.friedensplattform.at\/index.php?rest_route=%2Fwp%2Fv2%2Fcategories&post=896"},{"taxonomy":"post_tag","embeddable":true,"href":"https:\/\/www.friedensplattform.at\/index.php?rest_route=%2Fwp%2Fv2%2Ftags&post=896"}],"curies":[{"name":"wp","href":"https:\/\/api.w.org\/{rel}","templated":true}]}}