{"id":9,"date":"2006-07-29T10:17:12","date_gmt":"2006-07-29T08:17:12","guid":{"rendered":"http:\/\/www.luxorbis.org\/friedensplattform.at\/?p=9"},"modified":"2006-07-29T10:17:12","modified_gmt":"2006-07-29T08:17:12","slug":"stellungnahme-von-bundesprasident-dr-heinz-fischer-zur-situation-im-nahen-osten","status":"publish","type":"post","link":"https:\/\/www.friedensplattform.at\/?p=9","title":{"rendered":"Stellungnahme von Bundespr&#228;sident Dr. Heinz Fischer zur Situation im Nahen Osten"},"content":{"rendered":"<p>Bundespr\u00e4sident Dr. Heinz Fischer sprach bei der Er\u00f6ffnung der Salzburger Festspiele die Trag\u00f6die im Nahen Osten an.<\/p>\n<p><a href=\"http:\/\/www.hofburg.at\/show_content2.php?s2id=588\">Er\u00f6ffnung Salzburger Festspiele<\/a><\/p>\n<p><a href=\"http:\/\/www.hofburg.at\/show_content2.php?s2id=590\">Interview Salzburger Nachrichten<\/a><\/p>\n","protected":false},"excerpt":{"rendered":"<p>Bundespr\u00e4sident Dr. Heinz Fischer sprach bei der Er\u00f6ffnung der Salzburger Festspiele die Trag\u00f6die im Nahen Osten an. Er\u00f6ffnung Salzburger Festspiele Interview Salzburger Nachrichten<\/p>\n","protected":false},"author":1,"featured_media":0,"comment_status":"open","ping_status":"open","sticky":false,"template":"","format":"standard","meta":{"footnotes":""},"categories":[5],"tags":[],"class_list":["post-9","post","type-post","status-publish","format-standard","hentry","category-arabischer-raum"],"_links":{"self":[{"href":"https:\/\/www.friedensplattform.at\/index.php?rest_route=\/wp\/v2\/posts\/9","targetHints":{"allow":["GET"]}}],"collection":[{"href":"https:\/\/www.friedensplattform.at\/index.php?rest_route=\/wp\/v2\/posts"}],"about":[{"href":"https:\/\/www.friedensplattform.at\/index.php?rest_route=\/wp\/v2\/types\/post"}],"author":[{"embeddable":true,"href":"https:\/\/www.friedensplattform.at\/index.php?rest_route=\/wp\/v2\/users\/1"}],"replies":[{"embeddable":true,"href":"https:\/\/www.friedensplattform.at\/index.php?rest_route=%2Fwp%2Fv2%2Fcomments&post=9"}],"version-history":[{"count":0,"href":"https:\/\/www.friedensplattform.at\/index.php?rest_route=\/wp\/v2\/posts\/9\/revisions"}],"wp:attachment":[{"href":"https:\/\/www.friedensplattform.at\/index.php?rest_route=%2Fwp%2Fv2%2Fmedia&parent=9"}],"wp:term":[{"taxonomy":"category","embeddable":true,"href":"https:\/\/www.friedensplattform.at\/index.php?rest_route=%2Fwp%2Fv2%2Fcategories&post=9"},{"taxonomy":"post_tag","embeddable":true,"href":"https:\/\/www.friedensplattform.at\/index.php?rest_route=%2Fwp%2Fv2%2Ftags&post=9"}],"curies":[{"name":"wp","href":"https:\/\/api.w.org\/{rel}","templated":true}]}}