{"id":903,"date":"2009-06-26T22:58:19","date_gmt":"2009-06-26T20:58:19","guid":{"rendered":"http:\/\/www.luxorbis.org\/friedensplattform.at\/?p=903"},"modified":"2009-06-26T22:58:19","modified_gmt":"2009-06-26T20:58:19","slug":"iran-erklaerung-der-npa-nouveau-parti-anticapitaliste-zum-iran","status":"publish","type":"post","link":"https:\/\/www.friedensplattform.at\/?p=903","title":{"rendered":"IRAN: Erkl&#228;rung der NPA (Nouveau Parti Anticapitaliste) zum IRAN"},"content":{"rendered":"<p>Thursday, June 25 2009 @ 08:23 CEST<\/p>\n<p>(22.Juni 09)<\/p>\n<p>An der Seite der iranischen Arbeiter und Bev\u00f6lkerung<\/p>\n<p>Gleich ab 13. Juni, dem Tag nach den gef\u00e4lschten Pr\u00e4sidentschaftswahlen gingen Millionen Iraner auf die Stra\u00dfen und riefen \u201eNieder mit der Diktatur\u201c.<\/p>\n<p><!--more--><\/p>\n<p>l<\/p>\n<p>Die brutale Repression hat bereits duzende, wenn nicht hunderte Tote gefordert. Zu den Jugendlichen, den Frauen, den Bewohnern aus sozial schwachen Vierteln, die die Mehrheit der Demonstranten stellen, kommt jetzt auch die Gewerkschaftsbewegung hinzu.<\/p>\n<p>Die Busfahrervereinigung hat jetzt ihre Solidarit\u00e4t mit folgenden Worten erkl\u00e4rt: \u00abSolange es keine Organisations- und Wahlfreiheit gibt bleibt jeglicher Diskurs \u00fcber die soziale Freiheit und die Rechte der Arbeiter nur eine Farce \u201e. Die iranischen Arbeiter des gr\u00f6\u00dften Autokonstrukteurs Khodro (60.000 Besch\u00e4ftigte) sind in den Streik getreten und haben zu den Forderungen der Stra\u00dfe jetzt auch eine Lohnerh\u00f6hung und das Streikrecht eingefordert.<\/p>\n<p>F\u00fcr demokratische Freiheiten und die Forderungen der Arbeitswelt<\/p>\n<p>Unter das Anliegen der Gesellschaft, den erstickenden Schleier des Mollah-Regimes zu heben und endlich Schluss zu machen mit der allt\u00e4glichen Repression gegen die Jugend und die Frauen, die f\u00fcr ihre Rechte k\u00e4mpfen, mischen sich immer mehr die Arbeiter betreffende Forderungen, die auch im Iran nicht bereit sind, f\u00fcr die Krise zu zahlen. Die Idee eines Generalstreiks weitet sich aus; die Profiteure und die Reichen sehen das Gespenst einer neuen Revolution heraufd\u00e4mmern.<\/p>\n<p>Die kriminelle Demagogie eines Ahmadinedschad und seines Leumunds, des \u201eObersten F\u00fchrers\u201c Khamenei, die so tun, als ob sie die \u201eEntrechteten\u201c repr\u00e4sentieren w\u00fcrden, indem sie sich dem westlichen Imperialismus entgegenstellen, darf zu keiner Illusion f\u00fchren. Auch Mussawi, der dem \u201eReformfl\u00fcgel\u201c angeh\u00f6rt, ist nicht viel besser. War er doch Ministerpr\u00e4sident der islamischen Republik zwischen 1981 und 1989. In einer Zeit also, in der zig-tausende Oppositionelle, vor allem linke AktivistInnen aus der Arbeitswelt, jene, die f\u00fcr die Frauenrechte und f\u00fcr die nationalen Minderheiten eintraten, in den Gef\u00e4ngnissen des Regimes massakriert worden waren.<\/p>\n<p>Die Korruption und die Willk\u00fcr sind angesichts der ansteigenden wirtschaftlichen Schwierigkeiten immer unertr\u00e4glicher geworden, was zu einer gegenseitigen Aufschaukelung zwischen den rivalisierenden Clans gef\u00fchrt hat, und jetzt in eine offene Staatskrise m\u00fcndet.<\/p>\n<p>Die Arbeiter und das Volk haben sich diese Bresche zunutze gemacht und sogar eine nicht demokratisch abgelaufene Wahl hat dazu gef\u00fchrt, dass jegliche Kontrolle verloren ging.<\/p>\n<p>Ihr Kampf ist der Unsrige!<\/p>\n<p>Unsere volle Unterst\u00fctzung gilt den Frauen, den ArbeiterInnen und der Jugend, allen DemonstrantInnen, die die Repression herausfordern, wobei sie ihr Leben aufs Spiel setzen.<\/p>\n<p>Am 26. Juni &#8211; im Rahmen des internationalen Solidarit\u00e4tstages mit den Arbeitern im Iran &#8211; werden folgende Gewerkschaftsorganisationen (CGT, CFDT, FOC, CFTC, UNSA und Solidaires) an einer Kundgebung vor der iranischen Botschaft in Paris um 12h30 teilnehmen, um vor allem die Freilassung aller festgenommenen Arbeiter, die am 1. Mai in Teheran demonstriert hatten, zu verlangen.<\/p>\n<p>Die NPA, die selbstverst\u00e4ndlich diese Kundgebung unterst\u00fctzt, ruft auf, in den Betrieben, den St\u00e4dten, den Vierteln gr\u00f6\u00dftm\u00f6gliche Solidarit\u00e4ts-Initiativen mit dem Kampf des iranischen Volkes aufzubauen, um die Diktatur zu st\u00fcrzen und die Freiheit und Arbeiterrechte durchzusetzen.<\/p>\n<p>22. Juni 2009<\/p>\n","protected":false},"excerpt":{"rendered":"<p>Thursday, June 25 2009 @ 08:23 CEST (22.Juni 09) An der Seite der iranischen Arbeiter und Bev\u00f6lkerung Gleich ab 13. Juni, dem Tag nach den gef\u00e4lschten Pr\u00e4sidentschaftswahlen gingen Millionen Iraner auf die Stra\u00dfen und riefen \u201eNieder mit der Diktatur\u201c.<\/p>\n","protected":false},"author":1,"featured_media":0,"comment_status":"open","ping_status":"open","sticky":false,"template":"","format":"standard","meta":{"footnotes":""},"categories":[1],"tags":[],"class_list":["post-903","post","type-post","status-publish","format-standard","hentry","category-allgemein"],"_links":{"self":[{"href":"https:\/\/www.friedensplattform.at\/index.php?rest_route=\/wp\/v2\/posts\/903","targetHints":{"allow":["GET"]}}],"collection":[{"href":"https:\/\/www.friedensplattform.at\/index.php?rest_route=\/wp\/v2\/posts"}],"about":[{"href":"https:\/\/www.friedensplattform.at\/index.php?rest_route=\/wp\/v2\/types\/post"}],"author":[{"embeddable":true,"href":"https:\/\/www.friedensplattform.at\/index.php?rest_route=\/wp\/v2\/users\/1"}],"replies":[{"embeddable":true,"href":"https:\/\/www.friedensplattform.at\/index.php?rest_route=%2Fwp%2Fv2%2Fcomments&post=903"}],"version-history":[{"count":0,"href":"https:\/\/www.friedensplattform.at\/index.php?rest_route=\/wp\/v2\/posts\/903\/revisions"}],"wp:attachment":[{"href":"https:\/\/www.friedensplattform.at\/index.php?rest_route=%2Fwp%2Fv2%2Fmedia&parent=903"}],"wp:term":[{"taxonomy":"category","embeddable":true,"href":"https:\/\/www.friedensplattform.at\/index.php?rest_route=%2Fwp%2Fv2%2Fcategories&post=903"},{"taxonomy":"post_tag","embeddable":true,"href":"https:\/\/www.friedensplattform.at\/index.php?rest_route=%2Fwp%2Fv2%2Ftags&post=903"}],"curies":[{"name":"wp","href":"https:\/\/api.w.org\/{rel}","templated":true}]}}