{"id":905,"date":"2009-06-28T09:01:20","date_gmt":"2009-06-28T07:01:20","guid":{"rendered":"http:\/\/www.luxorbis.org\/friedensplattform.at\/?p=905"},"modified":"2009-06-28T09:01:20","modified_gmt":"2009-06-28T07:01:20","slug":"irandossier","status":"publish","type":"post","link":"https:\/\/www.friedensplattform.at\/?p=905","title":{"rendered":"Irandossier &#8211; Iranische Sichtweisen"},"content":{"rendered":"<div><em>Jede Seite hat ihre eigene Interpretation: Dass  mehr als eine Million iranischer Studienanf\u00e4nger am Donnerstag ordnungsgem\u00e4\u00df zu  ihren Aufnahmspr\u00fcfungen antraten, sehen manche Beobachter als Zeichen, dass der  revolution\u00e4re Wille im Iran bei den gebildeten Jugendlichen nicht sehr stark ist  und deshalb wieder Ruhe einkehrt. Andere machen den Umkehrschluss: Momentan sind  die Energien der Studenten und Studentinnen durch Pr\u00fcfungen gebunden, danach  werden sie sich wieder dem Aufstand widmen.<\/em><br \/>\nGudrun Harrer im Wiener &#8222;Standard&#8220; vom 27. Juni 2009. Weitere  Informationen in unserem <a href=\"http:\/\/www.uni-kassel.de\/fb5\/frieden\/regionen\/Iran\/Welcome.html\"><strong>Iran-Dossier<\/strong><\/a><\/div>\n","protected":false},"excerpt":{"rendered":"<p>Jede Seite hat ihre eigene Interpretation: Dass mehr als eine Million iranischer Studienanf\u00e4nger am Donnerstag ordnungsgem\u00e4\u00df zu ihren Aufnahmspr\u00fcfungen antraten, sehen manche Beobachter als Zeichen, dass der revolution\u00e4re Wille im Iran bei den gebildeten Jugendlichen nicht sehr stark ist und deshalb wieder Ruhe einkehrt. Andere machen den Umkehrschluss: Momentan sind die Energien der Studenten und &hellip; <a href=\"https:\/\/www.friedensplattform.at\/?p=905\" class=\"more-link\"><span class=\"screen-reader-text\">Irandossier &#8211; Iranische Sichtweisen<\/span> weiterlesen <span class=\"meta-nav\">&rarr;<\/span><\/a><\/p>\n","protected":false},"author":1,"featured_media":0,"comment_status":"open","ping_status":"open","sticky":false,"template":"","format":"standard","meta":{"footnotes":""},"categories":[1],"tags":[],"class_list":["post-905","post","type-post","status-publish","format-standard","hentry","category-allgemein"],"_links":{"self":[{"href":"https:\/\/www.friedensplattform.at\/index.php?rest_route=\/wp\/v2\/posts\/905","targetHints":{"allow":["GET"]}}],"collection":[{"href":"https:\/\/www.friedensplattform.at\/index.php?rest_route=\/wp\/v2\/posts"}],"about":[{"href":"https:\/\/www.friedensplattform.at\/index.php?rest_route=\/wp\/v2\/types\/post"}],"author":[{"embeddable":true,"href":"https:\/\/www.friedensplattform.at\/index.php?rest_route=\/wp\/v2\/users\/1"}],"replies":[{"embeddable":true,"href":"https:\/\/www.friedensplattform.at\/index.php?rest_route=%2Fwp%2Fv2%2Fcomments&post=905"}],"version-history":[{"count":0,"href":"https:\/\/www.friedensplattform.at\/index.php?rest_route=\/wp\/v2\/posts\/905\/revisions"}],"wp:attachment":[{"href":"https:\/\/www.friedensplattform.at\/index.php?rest_route=%2Fwp%2Fv2%2Fmedia&parent=905"}],"wp:term":[{"taxonomy":"category","embeddable":true,"href":"https:\/\/www.friedensplattform.at\/index.php?rest_route=%2Fwp%2Fv2%2Fcategories&post=905"},{"taxonomy":"post_tag","embeddable":true,"href":"https:\/\/www.friedensplattform.at\/index.php?rest_route=%2Fwp%2Fv2%2Ftags&post=905"}],"curies":[{"name":"wp","href":"https:\/\/api.w.org\/{rel}","templated":true}]}}