{"id":92,"date":"2007-02-02T10:42:46","date_gmt":"2007-02-02T08:42:46","guid":{"rendered":"http:\/\/www.luxorbis.org\/friedensplattform.at\/?p=92"},"modified":"2007-02-02T10:42:46","modified_gmt":"2007-02-02T08:42:46","slug":"einladung-zur-konstituierenden-sitzung","status":"publish","type":"post","link":"https:\/\/www.friedensplattform.at\/?p=92","title":{"rendered":"Einladung zur konstituierenden Sitzung"},"content":{"rendered":"<p><strong>Einladung zur konstituierenden Sitzung der Steirischen Friedensplattform<\/strong><\/p>\n<p>Namens der Steirischen Friedensplattform laden wir unter Ber\u00fccksichtigung der \u00a7\u00a7 9 und 10 unserer Statuten zur konstituierenden Sitzung herzlich ein.<\/p>\n<p>Ort:   <strong>Weltcafe &#8211; Gartengasse 28, Graz<\/strong><br \/>\nZeit:  <strong>Dienstag, 06. Februar 2007, 19 Uhr &#8211; 20 Uhr<\/strong><\/p>\n<p><!--more--> Tagesordnung:<\/p>\n<p>1. Er\u00f6ffnung und Begr\u00fc\u00dfung<br \/>\n2. Feststellung der Beschlussf\u00e4higkeit<br \/>\n3. Beschluss der Statuten<br \/>\n4. Wahlen<br \/>\n5. Allf\u00e4lliges<\/p>\n<p>Wir ersuchen um p\u00fcnktliches erscheinen und verweisen dass gem\u00e4\u00df unserer Statuten die Beschlussf\u00e4higkeit bei Anwesenheit eines Zehntels aller Stimmberechtigten gegeben ist. Sollte bei Beginn der konstituierenden Sitzung die Beschlussf\u00e4higkeit nicht gegeben sein, wird um 30 min. vertagt und dann ist in jedem Fall eine Beschlussf\u00e4higkeit gegeben.<\/p>\n<p>Johann Sch\u00f6gler, eh.                                                                                                                   Franz S\u00f6lkner, eh.<\/p>\n<p><a href=\"http:\/\/www.luxorbis.org\/friedensplattform.at\/wp-content\/uploads\/2007\/08\/stfp_statuten_00.pdf\" title=\"StFP_Statuten\">StFP_Statuten<\/a><br \/>\n<strong>Anmerkung:<\/strong><\/p>\n<p>Liebe AktivistInnen und SympathisantInnen der Steirischen Friedensplattform!<\/p>\n<p>Um f\u00fcr unsere Aktivit\u00e4ten gelegentlich auch Geld von der \u00f6ffentlichen Hand lukrieren zu k\u00f6nnen hat sich die  Existenz eines Vereinskontos als Notwendigkeit herausgestellt. Dazu war die Gr\u00fcndung eines Vereins erforderlich. Diese wurde mittlerweile bei der Vereinspolizei von Johann Sch\u00f6gler und Franz S\u00f6lkner als Gr\u00fcndungsproponenten durchgef\u00fchrt und ein vorl\u00e4ufiges Statut hinterlegt. Darin ist die M\u00f6glichkeit der Mitgliedschaft ohne Mitgliedsbeitrag festgelegt. D.h. Mitglied kann jede Person sein, die sich im Sinne des Vereinszieles engagiert. Wir sind keine Vereinsmeier und wollen daher die formalen Strukturen und b\u00fcrokratischen Aktivit\u00e4ten auf das gesetzlich vorgegebene unbedingt notwendige Ausmass reduzieren. Notwendig ist aber die Abhaltung einer Gr\u00fcndungsversammlung, zu der wir Euch nachfolgend einladen. Wir hoffen dabei auf Euer zahlreiches Erscheinen und ersuchen Euch auch f\u00fcr eine der zu w\u00e4hlenden Vorstandsfunktionen zu kandidieren.<\/p>\n","protected":false},"excerpt":{"rendered":"<p>Einladung zur konstituierenden Sitzung der Steirischen Friedensplattform Namens der Steirischen Friedensplattform laden wir unter Ber\u00fccksichtigung der \u00a7\u00a7 9 und 10 unserer Statuten zur konstituierenden Sitzung herzlich ein. Ort: Weltcafe &#8211; Gartengasse 28, Graz Zeit: Dienstag, 06. Februar 2007, 19 Uhr &#8211; 20 Uhr<\/p>\n","protected":false},"author":1,"featured_media":0,"comment_status":"open","ping_status":"open","sticky":false,"template":"","format":"standard","meta":{"footnotes":""},"categories":[1],"tags":[],"class_list":["post-92","post","type-post","status-publish","format-standard","hentry","category-allgemein"],"_links":{"self":[{"href":"https:\/\/www.friedensplattform.at\/index.php?rest_route=\/wp\/v2\/posts\/92","targetHints":{"allow":["GET"]}}],"collection":[{"href":"https:\/\/www.friedensplattform.at\/index.php?rest_route=\/wp\/v2\/posts"}],"about":[{"href":"https:\/\/www.friedensplattform.at\/index.php?rest_route=\/wp\/v2\/types\/post"}],"author":[{"embeddable":true,"href":"https:\/\/www.friedensplattform.at\/index.php?rest_route=\/wp\/v2\/users\/1"}],"replies":[{"embeddable":true,"href":"https:\/\/www.friedensplattform.at\/index.php?rest_route=%2Fwp%2Fv2%2Fcomments&post=92"}],"version-history":[{"count":0,"href":"https:\/\/www.friedensplattform.at\/index.php?rest_route=\/wp\/v2\/posts\/92\/revisions"}],"wp:attachment":[{"href":"https:\/\/www.friedensplattform.at\/index.php?rest_route=%2Fwp%2Fv2%2Fmedia&parent=92"}],"wp:term":[{"taxonomy":"category","embeddable":true,"href":"https:\/\/www.friedensplattform.at\/index.php?rest_route=%2Fwp%2Fv2%2Fcategories&post=92"},{"taxonomy":"post_tag","embeddable":true,"href":"https:\/\/www.friedensplattform.at\/index.php?rest_route=%2Fwp%2Fv2%2Ftags&post=92"}],"curies":[{"name":"wp","href":"https:\/\/api.w.org\/{rel}","templated":true}]}}