{"id":920,"date":"2009-07-05T12:41:08","date_gmt":"2009-07-05T10:41:08","guid":{"rendered":"http:\/\/www.luxorbis.org\/friedensplattform.at\/?p=920"},"modified":"2009-07-05T12:41:08","modified_gmt":"2009-07-05T10:41:08","slug":"artikel-der-ag-friedensforschung-gefaehrlicher-als-terrorismus","status":"publish","type":"post","link":"https:\/\/www.friedensplattform.at\/?p=920","title":{"rendered":"Artikel der AG Friedensforschung: Gef&#228;hrlicher als Terrorismus?"},"content":{"rendered":"<p>Der Wirtschaftsabsturz und die weitere Militarisierung der Weltpolitik<\/p>\n<p><em> Von Peter Strutynski<\/em><\/p>\n<p>Die Fragestellung meines Referats ist nat\u00fcrlich rein rhetorischer Art. Selbstverst\u00e4ndlich ist die gegenw\u00e4rtige Weltwirtschaftskrise gef\u00e4hrlicher als der Terrorismus. Und dies aus drei Gr\u00fcnden:<\/p>\n<p><!--more--><\/p>\n<p>1. Vieles von dem, was seit dem 11. September 2001 als \u201eTerrorismus\u201c wahrgenommen oder politisch und medial kommuniziert wird, stellt f\u00fcr die Menschheit, und um die sollte es ja gehen, keine besondere Bedrohung dar. Dies gilt jedenfalls dann, wenn wir die Sch\u00e4den und Wirkungen terroristischer Verbrechen in Beziehung setzen zu anderen Beeintr\u00e4chtigungen und Sch\u00e4digungen von Menschen etwa infolge von Unterentwicklung, Hunger, pandemischen Krankheiten, Massenarbeitslosigkeit, Armut und Umweltzerst\u00f6rung. Hierzu nur ein Beispiel: 100.000 Menschen sterben t\u00e4glich an Hunger oder seinen unmittelbaren Folgen \u2013 meist in den 122 L\u00e4ndern der Dritten Welt, in denen 4,8 Milliarden Menschen leben. Nach Jean Ziegler, dem ehemaligen UN-Sonderberichterstatter f\u00fcr das Recht auf Nahrung, ist Hunger zu einer \u201eMassenvernichtungswaffe\u201c geworden (vgl. Ziegler 2005). Seit dem Millenniumsgipfel 2000, bei dem die Vereinten Nationen feierlich die Halbierung der Armut bis zum Jahr 2015 verk\u00fcndeten, sind wir keinen Schritt voran gekommen. Zwar gab es, wie ein im November 2007 vorgelegte Entwicklungsbericht von Welthungerhilfe und terre des hommes zeigte, auf globaler Ebene durchaus \u201epositive Trends\u201c, etwa bei der Reduzierung der Zahl der Menschen, die in extremer Armut leben. Sie sank von 1,247 Milliarden 1990 auf 986 Millionen 2004. \u201eGrund daf\u00fcr (war) allerdings vor allem die positive wirtschaftliche Entwicklung in China, w\u00e4hrend in Afrika die Zahl der Armen selbst nach den optimistischen Prognosen der Weltbank von 298 Millionen (2004) auf 326 Millionen bis zum Jahr 2015 steigen wird. Insgesamt muss heute fast die H\u00e4lfte der Weltbev\u00f6lkerung von weniger als zwei US-Dollar pro Kopf und Tag leben.\u201c (terre des hommes\/Welthungerhilfe 2007.)<\/p>\n<p><a title=\"Uni Kassel\" href=\"http:\/\/www.uni-kassel.de\/fb5\/frieden\/themen\/Weltordnung\/strutynski3.html\" target=\"_blank\">Weiterlesen auf den Seiten der Uni<\/a><\/p>\n","protected":false},"excerpt":{"rendered":"<p>Der Wirtschaftsabsturz und die weitere Militarisierung der Weltpolitik Von Peter Strutynski Die Fragestellung meines Referats ist nat\u00fcrlich rein rhetorischer Art. Selbstverst\u00e4ndlich ist die gegenw\u00e4rtige Weltwirtschaftskrise gef\u00e4hrlicher als der Terrorismus. Und dies aus drei Gr\u00fcnden:<\/p>\n","protected":false},"author":1,"featured_media":0,"comment_status":"open","ping_status":"open","sticky":false,"template":"","format":"standard","meta":{"footnotes":""},"categories":[1],"tags":[],"class_list":["post-920","post","type-post","status-publish","format-standard","hentry","category-allgemein"],"_links":{"self":[{"href":"https:\/\/www.friedensplattform.at\/index.php?rest_route=\/wp\/v2\/posts\/920","targetHints":{"allow":["GET"]}}],"collection":[{"href":"https:\/\/www.friedensplattform.at\/index.php?rest_route=\/wp\/v2\/posts"}],"about":[{"href":"https:\/\/www.friedensplattform.at\/index.php?rest_route=\/wp\/v2\/types\/post"}],"author":[{"embeddable":true,"href":"https:\/\/www.friedensplattform.at\/index.php?rest_route=\/wp\/v2\/users\/1"}],"replies":[{"embeddable":true,"href":"https:\/\/www.friedensplattform.at\/index.php?rest_route=%2Fwp%2Fv2%2Fcomments&post=920"}],"version-history":[{"count":0,"href":"https:\/\/www.friedensplattform.at\/index.php?rest_route=\/wp\/v2\/posts\/920\/revisions"}],"wp:attachment":[{"href":"https:\/\/www.friedensplattform.at\/index.php?rest_route=%2Fwp%2Fv2%2Fmedia&parent=920"}],"wp:term":[{"taxonomy":"category","embeddable":true,"href":"https:\/\/www.friedensplattform.at\/index.php?rest_route=%2Fwp%2Fv2%2Fcategories&post=920"},{"taxonomy":"post_tag","embeddable":true,"href":"https:\/\/www.friedensplattform.at\/index.php?rest_route=%2Fwp%2Fv2%2Ftags&post=920"}],"curies":[{"name":"wp","href":"https:\/\/api.w.org\/{rel}","templated":true}]}}