{"id":926,"date":"2009-07-10T23:02:06","date_gmt":"2009-07-10T21:02:06","guid":{"rendered":"http:\/\/www.luxorbis.org\/friedensplattform.at\/?p=926"},"modified":"2009-07-10T23:02:06","modified_gmt":"2009-07-10T21:02:06","slug":"artikel-in-der-jungen-welt-die-mauer-muss-weg","status":"publish","type":"post","link":"https:\/\/www.friedensplattform.at\/?p=926","title":{"rendered":"Artikel in der jungen Welt: Die Mauer mu&#223; weg"},"content":{"rendered":"<p><em>Von R\u00fcdiger G\u00f6bel<\/em><\/p>\n<p>F\u00fcnf Jahre nach dem Mauergutachten des Internationalen Gerichtshofs in Den Haag erinnern Friedens- und Menschenrechtsorganisationen heute an die Opfer der Mauer in Pal\u00e4stina. Auch wenn Israel das Recht und die Pflicht habe, f\u00fcr gr\u00f6\u00dftm\u00f6gliche Sicherheit seiner B\u00fcrger vor Attentaten zu sorgen, m\u00fcsse es dabei im Einklang mit dem V\u00f6lkerrecht handeln, hei\u00dft es in einer gemeinsamen Erkl\u00e4rung der \u00c4rzteorganisation IPPNW, der katholischen Friedensbewegung pax christi, der Deutsch-Pal\u00e4stinensischen Gesellschaft (DPG) und der J\u00fcdischen Stimme f\u00fcr gerechten Frieden in Nahost (EJJP Deutschland). 16 Menschen, die H\u00e4lfte davon Kinder, seien bisher von der israelischen Armee bei Kundgebungen gegen die Mauer erschossen worden.<\/p>\n<p><a title=\"junge Welt\" href=\"http:\/\/www.jungewelt.de\/2009\/07-09\/001.php\" target=\"_blank\">Weiterlesen auf den Seiten der jungen Welt<\/a><\/p>\n","protected":false},"excerpt":{"rendered":"<p>Von R\u00fcdiger G\u00f6bel F\u00fcnf Jahre nach dem Mauergutachten des Internationalen Gerichtshofs in Den Haag erinnern Friedens- und Menschenrechtsorganisationen heute an die Opfer der Mauer in Pal\u00e4stina. Auch wenn Israel das Recht und die Pflicht habe, f\u00fcr gr\u00f6\u00dftm\u00f6gliche Sicherheit seiner B\u00fcrger vor Attentaten zu sorgen, m\u00fcsse es dabei im Einklang mit dem V\u00f6lkerrecht handeln, hei\u00dft es &hellip; <a href=\"https:\/\/www.friedensplattform.at\/?p=926\" class=\"more-link\"><span class=\"screen-reader-text\">Artikel in der jungen Welt: Die Mauer mu&#223; weg<\/span> weiterlesen <span class=\"meta-nav\">&rarr;<\/span><\/a><\/p>\n","protected":false},"author":1,"featured_media":0,"comment_status":"open","ping_status":"open","sticky":false,"template":"","format":"standard","meta":{"footnotes":""},"categories":[1],"tags":[],"class_list":["post-926","post","type-post","status-publish","format-standard","hentry","category-allgemein"],"_links":{"self":[{"href":"https:\/\/www.friedensplattform.at\/index.php?rest_route=\/wp\/v2\/posts\/926","targetHints":{"allow":["GET"]}}],"collection":[{"href":"https:\/\/www.friedensplattform.at\/index.php?rest_route=\/wp\/v2\/posts"}],"about":[{"href":"https:\/\/www.friedensplattform.at\/index.php?rest_route=\/wp\/v2\/types\/post"}],"author":[{"embeddable":true,"href":"https:\/\/www.friedensplattform.at\/index.php?rest_route=\/wp\/v2\/users\/1"}],"replies":[{"embeddable":true,"href":"https:\/\/www.friedensplattform.at\/index.php?rest_route=%2Fwp%2Fv2%2Fcomments&post=926"}],"version-history":[{"count":0,"href":"https:\/\/www.friedensplattform.at\/index.php?rest_route=\/wp\/v2\/posts\/926\/revisions"}],"wp:attachment":[{"href":"https:\/\/www.friedensplattform.at\/index.php?rest_route=%2Fwp%2Fv2%2Fmedia&parent=926"}],"wp:term":[{"taxonomy":"category","embeddable":true,"href":"https:\/\/www.friedensplattform.at\/index.php?rest_route=%2Fwp%2Fv2%2Fcategories&post=926"},{"taxonomy":"post_tag","embeddable":true,"href":"https:\/\/www.friedensplattform.at\/index.php?rest_route=%2Fwp%2Fv2%2Ftags&post=926"}],"curies":[{"name":"wp","href":"https:\/\/api.w.org\/{rel}","templated":true}]}}