{"id":945,"date":"2009-10-11T21:35:12","date_gmt":"2009-10-11T19:35:12","guid":{"rendered":"http:\/\/www.luxorbis.org\/friedensplattform.at\/?p=945"},"modified":"2009-10-11T21:35:12","modified_gmt":"2009-10-11T19:35:12","slug":"artikel-auf-freitag-de-marsch-ins-treibhaus","status":"publish","type":"post","link":"https:\/\/www.friedensplattform.at\/?p=945","title":{"rendered":"Artikel auf Freitag.de: Marsch ins Treibhaus von Elmar Altvater"},"content":{"rendered":"<p><strong>Auf dem Klima-Gipfel in \u00adKopenhagen geht es nicht nur um die Reduktion der Treibhausgase. Dort werden auch die Weichen zwischen Frieden und Krieg f\u00fcr die Welt gestellt<\/strong><\/p>\n<p>Die bevorstehende Klimakonferenz von Kopenhagen wird ein Jahrhundertereignis mit einem planetarischen Thema: Der Klimawandel muss gestoppt werden, oder das \u00dcberleben vieler Menschen ist in Gefahr. Leider ist mit kleinkariertem Zank zu rechnen \u2013 zwischen L\u00e4ndern, die von Taifunen verw\u00fcstet wurden und daher auf einen radikal verminderten Aussto\u00df von Treibhausgasen dr\u00e4ngen, den \u00d6lstaaten, die auch weiter ungehindert ihr \u201eschwarzes Gold\u201c verkaufen wollen, den Industriel\u00e4ndern, denen eine verbindliche Absenkung der Klimagase nicht ins Gesch\u00e4ft passt und Regierungen, die den Energiehunger ihrer Industrien auch k\u00fcnftig mit Kohle stillen wollen.<\/p>\n<p><a title=\"www.freitag.de\" href=\"http:\/\/www.freitag.de\/positionen\/0941-klimagipfel-kopenhagen-energiepolitik\" target=\"_blank\">Weiterlesen auf www.freitag.de<\/a><\/p>\n","protected":false},"excerpt":{"rendered":"<p>Auf dem Klima-Gipfel in \u00adKopenhagen geht es nicht nur um die Reduktion der Treibhausgase. Dort werden auch die Weichen zwischen Frieden und Krieg f\u00fcr die Welt gestellt Die bevorstehende Klimakonferenz von Kopenhagen wird ein Jahrhundertereignis mit einem planetarischen Thema: Der Klimawandel muss gestoppt werden, oder das \u00dcberleben vieler Menschen ist in Gefahr. Leider ist mit &hellip; <a href=\"https:\/\/www.friedensplattform.at\/?p=945\" class=\"more-link\"><span class=\"screen-reader-text\">Artikel auf Freitag.de: Marsch ins Treibhaus von Elmar Altvater<\/span> weiterlesen <span class=\"meta-nav\">&rarr;<\/span><\/a><\/p>\n","protected":false},"author":1,"featured_media":0,"comment_status":"open","ping_status":"open","sticky":false,"template":"","format":"standard","meta":{"footnotes":""},"categories":[1],"tags":[],"class_list":["post-945","post","type-post","status-publish","format-standard","hentry","category-allgemein"],"_links":{"self":[{"href":"https:\/\/www.friedensplattform.at\/index.php?rest_route=\/wp\/v2\/posts\/945","targetHints":{"allow":["GET"]}}],"collection":[{"href":"https:\/\/www.friedensplattform.at\/index.php?rest_route=\/wp\/v2\/posts"}],"about":[{"href":"https:\/\/www.friedensplattform.at\/index.php?rest_route=\/wp\/v2\/types\/post"}],"author":[{"embeddable":true,"href":"https:\/\/www.friedensplattform.at\/index.php?rest_route=\/wp\/v2\/users\/1"}],"replies":[{"embeddable":true,"href":"https:\/\/www.friedensplattform.at\/index.php?rest_route=%2Fwp%2Fv2%2Fcomments&post=945"}],"version-history":[{"count":0,"href":"https:\/\/www.friedensplattform.at\/index.php?rest_route=\/wp\/v2\/posts\/945\/revisions"}],"wp:attachment":[{"href":"https:\/\/www.friedensplattform.at\/index.php?rest_route=%2Fwp%2Fv2%2Fmedia&parent=945"}],"wp:term":[{"taxonomy":"category","embeddable":true,"href":"https:\/\/www.friedensplattform.at\/index.php?rest_route=%2Fwp%2Fv2%2Fcategories&post=945"},{"taxonomy":"post_tag","embeddable":true,"href":"https:\/\/www.friedensplattform.at\/index.php?rest_route=%2Fwp%2Fv2%2Ftags&post=945"}],"curies":[{"name":"wp","href":"https:\/\/api.w.org\/{rel}","templated":true}]}}