{"id":947,"date":"2009-10-11T21:37:45","date_gmt":"2009-10-11T19:37:45","guid":{"rendered":"http:\/\/www.luxorbis.org\/friedensplattform.at\/?p=947"},"modified":"2009-10-11T21:37:45","modified_gmt":"2009-10-11T19:37:45","slug":"uno-klimakonferenz-in-kopenhagen","status":"publish","type":"post","link":"https:\/\/www.friedensplattform.at\/?p=947","title":{"rendered":"UNO-Klimakonferenz in Kopenhagen"},"content":{"rendered":"<p>Im Dezember findet die offizielle UNO-Klimakonferenz in Kopenhagen statt ( COP 15). Rauskommen wird dabei wenig bis nichts. Selbst der &#8222;Gastgeber&#8220;, der &#8211; rechte &#8211; d\u00e4nische Ministerpr\u00e4sident Rasmussen, schraubt schon jetzt  die Erwartungen kr\u00e4ftig herunter&#8230;<\/p>\n<p>Weil oben ein Flopp ansteht, wird von unten ein Gegengipfel veranstaltet: CLIMATE FORUM  09. Bis jetzt liegen bereits 5000 Anmeldungen vor. Aus den L\u00e4ndern des S\u00fcdens gibt es 1500 Anfragen, die OrganisatorInnen des Gegengipfels k\u00f6nnen jedoch nur die Finanzierung von 50 Personen \u00fcbernehmen.<\/p>\n<p><!--more--><\/p>\n<p>Der Gegengipfel beginnt am 7.Dezember und dauert bis zum 18.Dezember. Einer der H\u00f6hepunkte wird zweifelsohne die gro\u00dfe Demo am Samstag den 12.Dezember sein. Soweit ich das \u00fcberblicke, gibt  es u.a.  am 7.und 8.12. Arbeitsgruppen und am 9.und 10.12. Plenarveranstaltungen.<\/p>\n<p>N\u00e4here Infos: www.climateforum09.org<\/p>\n<p>Im Rahmen des ASF-Prozesses wurde die Mobilisierung f\u00fcr das climate forum 09 als ein zentraler Arbeitsschwerpunkt festgelegt. Da nicht mehr viel Zeit bleibt, geht es nun darum, konkrete Schritte anzugehen: wer f\u00e4hrt (wie) nach Kopenhagen? wielange ? wer nimmt nur an der Demo teil? Die Frage der Unterbringung ( es gibt jede Menge b\u00fcrokratische Schikanen der d\u00e4nischen Beh\u00f6rden&#8230;)etc.<\/p>\n<p>Wer sich am inhaltlichen und logistischen Vorbereitungsproze\u00df interessiert, m\u00f6ge sich ( vorl\u00e4\u00fcfig mal bei mir ) melden.<\/p>\n<p>Mit solidarischen, \u00f6kologischen Gr\u00fc\u00dfen<\/p>\n<p>Hermann Dworczak ( 0676 \/ 972 31 10 )<\/p>\n","protected":false},"excerpt":{"rendered":"<p>Im Dezember findet die offizielle UNO-Klimakonferenz in Kopenhagen statt ( COP 15). Rauskommen wird dabei wenig bis nichts. Selbst der &#8222;Gastgeber&#8220;, der &#8211; rechte &#8211; d\u00e4nische Ministerpr\u00e4sident Rasmussen, schraubt schon jetzt die Erwartungen kr\u00e4ftig herunter&#8230; Weil oben ein Flopp ansteht, wird von unten ein Gegengipfel veranstaltet: CLIMATE FORUM 09. Bis jetzt liegen bereits 5000 Anmeldungen &hellip; <a href=\"https:\/\/www.friedensplattform.at\/?p=947\" class=\"more-link\"><span class=\"screen-reader-text\">UNO-Klimakonferenz in Kopenhagen<\/span> weiterlesen <span class=\"meta-nav\">&rarr;<\/span><\/a><\/p>\n","protected":false},"author":1,"featured_media":0,"comment_status":"open","ping_status":"open","sticky":false,"template":"","format":"standard","meta":{"footnotes":""},"categories":[1],"tags":[],"class_list":["post-947","post","type-post","status-publish","format-standard","hentry","category-allgemein"],"_links":{"self":[{"href":"https:\/\/www.friedensplattform.at\/index.php?rest_route=\/wp\/v2\/posts\/947","targetHints":{"allow":["GET"]}}],"collection":[{"href":"https:\/\/www.friedensplattform.at\/index.php?rest_route=\/wp\/v2\/posts"}],"about":[{"href":"https:\/\/www.friedensplattform.at\/index.php?rest_route=\/wp\/v2\/types\/post"}],"author":[{"embeddable":true,"href":"https:\/\/www.friedensplattform.at\/index.php?rest_route=\/wp\/v2\/users\/1"}],"replies":[{"embeddable":true,"href":"https:\/\/www.friedensplattform.at\/index.php?rest_route=%2Fwp%2Fv2%2Fcomments&post=947"}],"version-history":[{"count":0,"href":"https:\/\/www.friedensplattform.at\/index.php?rest_route=\/wp\/v2\/posts\/947\/revisions"}],"wp:attachment":[{"href":"https:\/\/www.friedensplattform.at\/index.php?rest_route=%2Fwp%2Fv2%2Fmedia&parent=947"}],"wp:term":[{"taxonomy":"category","embeddable":true,"href":"https:\/\/www.friedensplattform.at\/index.php?rest_route=%2Fwp%2Fv2%2Fcategories&post=947"},{"taxonomy":"post_tag","embeddable":true,"href":"https:\/\/www.friedensplattform.at\/index.php?rest_route=%2Fwp%2Fv2%2Ftags&post=947"}],"curies":[{"name":"wp","href":"https:\/\/api.w.org\/{rel}","templated":true}]}}