{"id":95,"date":"2007-01-19T17:54:07","date_gmt":"2007-01-19T15:54:07","guid":{"rendered":"http:\/\/www.luxorbis.org\/friedensplattform.at\/?p=95"},"modified":"2007-01-19T17:54:07","modified_gmt":"2007-01-19T15:54:07","slug":"sarajevo-reisebericht-von-berndt-luef","status":"publish","type":"post","link":"https:\/\/www.friedensplattform.at\/?p=95","title":{"rendered":"Sarajevo &#8211; Reisebericht von Berndt Luef"},"content":{"rendered":"<p>Anbei findet ihr den Reisebericht von Berndt Luef. Besonders freut uns dass eine unserer Veranstaltungen in seinem Bericht erw\u00e4hnt wurde.<\/p>\n<p><!--more--><\/p>\n<p>Dear friends;<br \/>\nUnsere traditionelle Winterreise (diesmal zu f\u00fcnft mit Franz Schenk, Christoph Peuerb\u00e4ck, Manfred Grang, Edi F\u00fcrnschuss &amp; me) f\u00fchrte uns heuer ins winterliche Sarajevo und ich habe nun den Reisebericht fertig gestellt. Wie Ihr wi\u00dft werde ich am 03.03.07 eine Art Verabschiedungskonzert im Forum spielen und durch die Auseinadersetzung mit dem B\u00fcrgerkrieg in Bosnien werden wir wieder einmal meine Komposition &#8222;Die bosnische Trag\u00f6die&#8220; auff\u00fchren<\/p>\n<p>mit lieben Gr\u00fc\u00dfen<br \/>\nberndt.<a href=\"http:\/\/www.luxorbis.org\/friedensplattform.at\/wp-content\/uploads\/2007\/01\/Sarajevo%202007.doc\" onmousedown=\"selectLink(96);\" id=\"p96\"><\/a><\/p>\n<p><a href=\"http:\/\/www.luxorbis.org\/friedensplattform.at\/wp-content\/uploads\/2007\/08\/sarajevo-2007.doc\" title=\"Reisebericht_Sarajevo_2007\">Reisebericht_Sarajevo_2007<\/a><a href=\"http:\/\/www.luxorbis.org\/friedensplattform.at\/wp-content\/uploads\/2007\/01\/Sarajevo%202007.doc\" onmousedown=\"selectLink(96);\" id=\"p96\"> <\/a><\/p>\n","protected":false},"excerpt":{"rendered":"<p>Anbei findet ihr den Reisebericht von Berndt Luef. Besonders freut uns dass eine unserer Veranstaltungen in seinem Bericht erw\u00e4hnt wurde.<\/p>\n","protected":false},"author":1,"featured_media":0,"comment_status":"open","ping_status":"open","sticky":false,"template":"","format":"standard","meta":{"footnotes":""},"categories":[1],"tags":[],"class_list":["post-95","post","type-post","status-publish","format-standard","hentry","category-allgemein"],"_links":{"self":[{"href":"https:\/\/www.friedensplattform.at\/index.php?rest_route=\/wp\/v2\/posts\/95","targetHints":{"allow":["GET"]}}],"collection":[{"href":"https:\/\/www.friedensplattform.at\/index.php?rest_route=\/wp\/v2\/posts"}],"about":[{"href":"https:\/\/www.friedensplattform.at\/index.php?rest_route=\/wp\/v2\/types\/post"}],"author":[{"embeddable":true,"href":"https:\/\/www.friedensplattform.at\/index.php?rest_route=\/wp\/v2\/users\/1"}],"replies":[{"embeddable":true,"href":"https:\/\/www.friedensplattform.at\/index.php?rest_route=%2Fwp%2Fv2%2Fcomments&post=95"}],"version-history":[{"count":0,"href":"https:\/\/www.friedensplattform.at\/index.php?rest_route=\/wp\/v2\/posts\/95\/revisions"}],"wp:attachment":[{"href":"https:\/\/www.friedensplattform.at\/index.php?rest_route=%2Fwp%2Fv2%2Fmedia&parent=95"}],"wp:term":[{"taxonomy":"category","embeddable":true,"href":"https:\/\/www.friedensplattform.at\/index.php?rest_route=%2Fwp%2Fv2%2Fcategories&post=95"},{"taxonomy":"post_tag","embeddable":true,"href":"https:\/\/www.friedensplattform.at\/index.php?rest_route=%2Fwp%2Fv2%2Ftags&post=95"}],"curies":[{"name":"wp","href":"https:\/\/api.w.org\/{rel}","templated":true}]}}