{"id":951,"date":"2009-10-18T21:27:53","date_gmt":"2009-10-18T19:27:53","guid":{"rendered":"http:\/\/www.luxorbis.org\/friedensplattform.at\/?p=951"},"modified":"2009-10-18T21:27:53","modified_gmt":"2009-10-18T19:27:53","slug":"vortrag-und-diskussion-fast-alle-terroristen-sind-muslime","status":"publish","type":"post","link":"https:\/\/www.friedensplattform.at\/?p=951","title":{"rendered":"Vortrag und Diskussion: Fast alle Terroristen sind Muslime?"},"content":{"rendered":"<p align=\"center\"><span style=\"text-decoration: underline;\">Vortrag und  Diskussion<\/span><\/p>\n<h3><em>\u201eFast  alle Terroristen sind Muslime?\u201c <\/em><\/h3>\n<h3>Kulturkampf  als Mittel der Kriegspropaganda<\/h3>\n<p><strong>mit Dr. Sabine  Schiffer <\/strong><\/p>\n<p>vom Institut f\u00fcr Medienverantwortung  Erlangen\/Deutschland<\/p>\n<p><strong>Di, 27. Oktober 2009<\/strong><\/p>\n<p><strong>19.00<\/strong><\/p>\n<p><strong>Kulturzentrum bei den  Minoriten<\/strong>, Kleiner  Saal<\/p>\n<p>Mariahilferplatz  3,\u00a0 8020 Graz<\/p>\n<p><strong>Moderation:<\/strong><strong> Dr. Wolfgang  Benedek,<\/strong> ETC Graz<\/p>\n<p><!--more--><\/p>\n<p>Das Islambild der verk\u00fcrzenden  Auslandsberichterstattung ist in den westlichen Gesellschaften inzwi\u00adschen  auf die eigenen islamischen Gemeinschaften \u00fcbertragen worden. \u00dcber Muslime wird  zunehmend als Fremdk\u00f6rper diskutiert und Mi\u00dftrauen scheint allgegenw\u00e4rtig.  Aufgeregte Debatten entz\u00fcnden sich sowohl an Aussagen Einzel\u00adner als auch an  Statistiken, wie etwa\u00a0 in \u00d6sterreich am Beispiel des Umgangs  mit der sogenannten \u201eIslam\u00adlehrerstudie\u201c.<\/p>\n<p>Weiten wir jedoch den Blick  wieder\u00a0 von den lokalen Diskussionen\u00a0 hinein  in die Welt, dann f\u00e4llt auf, dass dieses\u00a0 Islambild durchaus  auch \u201en\u00fctzliche\u201c Seiten hat. Es n\u00fctzt\u00a0 denjenigen, die bei  politischen Ent\u00adscheidungen allgemein g\u00fcltige Rechtsgrunds\u00e4tze wie die  Verfassung, das Men\u00adschen- und V\u00f6lkerrecht auf bestimmte L\u00e4nder und  Menschengruppen h\u00e4ufig nicht anwen\u00adden wollen. Dieser Mechanismus \u2013 als  Folge eines gro\u00dfen Missverst\u00e4ndnisses \u2013 ist durchschaubar und ein Musterbeispiel  f\u00fcr die Bewusstmachung von Meinungsbildungs\u00adprozessen, das auf viele andere  Themen \u00fcbertragen werden kann.<\/p>\n<p>Hier k\u00f6nnt ihr das Plakat herunterladen:<\/p>\n<p><a href=\"http:\/\/www.luxorbis.org\/friedensplattform.at\/wp-content\/uploads\/2009\/10\/Microsoft-Word-Plakat-SSchiffer.pdf\">Plakat Schiffer<\/a><\/p>\n","protected":false},"excerpt":{"rendered":"<p>Vortrag und Diskussion \u201eFast alle Terroristen sind Muslime?\u201c Kulturkampf als Mittel der Kriegspropaganda mit Dr. Sabine Schiffer vom Institut f\u00fcr Medienverantwortung Erlangen\/Deutschland Di, 27. Oktober 2009 19.00 Kulturzentrum bei den Minoriten, Kleiner Saal Mariahilferplatz 3,\u00a0 8020 Graz Moderation: Dr. Wolfgang Benedek, ETC Graz<\/p>\n","protected":false},"author":1,"featured_media":0,"comment_status":"open","ping_status":"open","sticky":false,"template":"","format":"standard","meta":{"footnotes":""},"categories":[1],"tags":[],"class_list":["post-951","post","type-post","status-publish","format-standard","hentry","category-allgemein"],"_links":{"self":[{"href":"https:\/\/www.friedensplattform.at\/index.php?rest_route=\/wp\/v2\/posts\/951","targetHints":{"allow":["GET"]}}],"collection":[{"href":"https:\/\/www.friedensplattform.at\/index.php?rest_route=\/wp\/v2\/posts"}],"about":[{"href":"https:\/\/www.friedensplattform.at\/index.php?rest_route=\/wp\/v2\/types\/post"}],"author":[{"embeddable":true,"href":"https:\/\/www.friedensplattform.at\/index.php?rest_route=\/wp\/v2\/users\/1"}],"replies":[{"embeddable":true,"href":"https:\/\/www.friedensplattform.at\/index.php?rest_route=%2Fwp%2Fv2%2Fcomments&post=951"}],"version-history":[{"count":0,"href":"https:\/\/www.friedensplattform.at\/index.php?rest_route=\/wp\/v2\/posts\/951\/revisions"}],"wp:attachment":[{"href":"https:\/\/www.friedensplattform.at\/index.php?rest_route=%2Fwp%2Fv2%2Fmedia&parent=951"}],"wp:term":[{"taxonomy":"category","embeddable":true,"href":"https:\/\/www.friedensplattform.at\/index.php?rest_route=%2Fwp%2Fv2%2Fcategories&post=951"},{"taxonomy":"post_tag","embeddable":true,"href":"https:\/\/www.friedensplattform.at\/index.php?rest_route=%2Fwp%2Fv2%2Ftags&post=951"}],"curies":[{"name":"wp","href":"https:\/\/api.w.org\/{rel}","templated":true}]}}