{"id":954,"date":"2009-10-19T21:06:58","date_gmt":"2009-10-19T19:06:58","guid":{"rendered":"http:\/\/www.luxorbis.org\/friedensplattform.at\/?p=954"},"modified":"2009-10-19T21:06:58","modified_gmt":"2009-10-19T19:06:58","slug":"kolumne-zaman-sarrazins-gelungene-ablenkungsstrategie","status":"publish","type":"post","link":"https:\/\/www.friedensplattform.at\/?p=954","title":{"rendered":"Kolumne Zaman: Sarrazins gelungene Ablenkungsstrategie"},"content":{"rendered":"<p><em>\u00a9 Dr. Sabine Schiffer<\/em><\/p>\n<p>W\u00e4hrend sich die Mehrzahl der Gefragten und Ungefragten auf den migrationspolitischen Teil der Ausw\u00fcrfe Thilo Sarrazins st\u00fcrzt und damit in das aufgestellte Fettn\u00e4pfchen einer Integrationsdebatte hereinfallen, darf sich die Bundesbank freuen. Die Republik diskutiert \u00fcber m\u00f6gliche Wahrheitsgehalte der rassistischen \u00c4u\u00dferungen \u2013 wie in hart aber fair ohne soziologisches Fachwissen \u2013 und verinnerlicht dabei die ausgemachten Schuldigen f\u00fcr alles, was schief l\u00e4uft. Die zweite Runde der Wirtschaftskrise kann also kommen. Wir sind bereit, die Bundesbank befreit. Die kann so weiter machen, wie es bisher schon nicht funktionierte. Denn alle werden fortan auf die falsche Seite der Gesellschaft schielen und dort nach Verantwortlichen f\u00fcr die Misere suchen.<\/p>\n<p><a title=\"IMV\" href=\"http:\/\/www.medienverantwortung.de\/wp-content\/uploads\/2009\/10\/20091013_IMV-Schiffer-Kolumne_Sarrazin.pdf\" target=\"_blank\">Weiterlesen auf den Seiten des Institut f\u00fcr Medienverantwortung<\/a><\/p>\n","protected":false},"excerpt":{"rendered":"<p>\u00a9 Dr. Sabine Schiffer W\u00e4hrend sich die Mehrzahl der Gefragten und Ungefragten auf den migrationspolitischen Teil der Ausw\u00fcrfe Thilo Sarrazins st\u00fcrzt und damit in das aufgestellte Fettn\u00e4pfchen einer Integrationsdebatte hereinfallen, darf sich die Bundesbank freuen. Die Republik diskutiert \u00fcber m\u00f6gliche Wahrheitsgehalte der rassistischen \u00c4u\u00dferungen \u2013 wie in hart aber fair ohne soziologisches Fachwissen \u2013 und &hellip; <a href=\"https:\/\/www.friedensplattform.at\/?p=954\" class=\"more-link\"><span class=\"screen-reader-text\">Kolumne Zaman: Sarrazins gelungene Ablenkungsstrategie<\/span> weiterlesen <span class=\"meta-nav\">&rarr;<\/span><\/a><\/p>\n","protected":false},"author":1,"featured_media":0,"comment_status":"open","ping_status":"open","sticky":false,"template":"","format":"standard","meta":{"footnotes":""},"categories":[1],"tags":[],"class_list":["post-954","post","type-post","status-publish","format-standard","hentry","category-allgemein"],"_links":{"self":[{"href":"https:\/\/www.friedensplattform.at\/index.php?rest_route=\/wp\/v2\/posts\/954","targetHints":{"allow":["GET"]}}],"collection":[{"href":"https:\/\/www.friedensplattform.at\/index.php?rest_route=\/wp\/v2\/posts"}],"about":[{"href":"https:\/\/www.friedensplattform.at\/index.php?rest_route=\/wp\/v2\/types\/post"}],"author":[{"embeddable":true,"href":"https:\/\/www.friedensplattform.at\/index.php?rest_route=\/wp\/v2\/users\/1"}],"replies":[{"embeddable":true,"href":"https:\/\/www.friedensplattform.at\/index.php?rest_route=%2Fwp%2Fv2%2Fcomments&post=954"}],"version-history":[{"count":0,"href":"https:\/\/www.friedensplattform.at\/index.php?rest_route=\/wp\/v2\/posts\/954\/revisions"}],"wp:attachment":[{"href":"https:\/\/www.friedensplattform.at\/index.php?rest_route=%2Fwp%2Fv2%2Fmedia&parent=954"}],"wp:term":[{"taxonomy":"category","embeddable":true,"href":"https:\/\/www.friedensplattform.at\/index.php?rest_route=%2Fwp%2Fv2%2Fcategories&post=954"},{"taxonomy":"post_tag","embeddable":true,"href":"https:\/\/www.friedensplattform.at\/index.php?rest_route=%2Fwp%2Fv2%2Ftags&post=954"}],"curies":[{"name":"wp","href":"https:\/\/api.w.org\/{rel}","templated":true}]}}