{"id":964,"date":"2009-10-25T10:55:54","date_gmt":"2009-10-25T08:55:54","guid":{"rendered":"http:\/\/www.luxorbis.org\/friedensplattform.at\/?p=964"},"modified":"2009-10-25T10:55:54","modified_gmt":"2009-10-25T08:55:54","slug":"bringt-kopenhagen-die-wende-in-der-globalen-klimapolitik","status":"publish","type":"post","link":"https:\/\/www.friedensplattform.at\/?p=964","title":{"rendered":"Bringt Kopenhagen die Wende in der globalen Klimapolitik?"},"content":{"rendered":"<p><strong>Do 29.10., 19 Uhr, Ort: Gr\u00fcne Akademie, Am Fu\u00dfe des Schlossberges 2<\/strong><\/p>\n<p>Gespr\u00e4ch mit: TORD BJ\u00d6RK, einem bekannten schwedischen Umweltaktivisten, der in die Vorbereitungen des \u201eGegengipfels von unten\u201c ma\u00dfgeblich eingebunden ist. Moderation: Franz S\u00f6lkner<\/p>\n<p><!--more--><\/p>\n<p>Im Dezember findet die offizielle UNO-Klimakonferenz in Kopenhagen statt. Zu f\u00fcrchten ist, dass wieder einmal die Berge krei\u00dfen und ein M\u00e4uslein geboren wird. Selbst der &#8222;Gastgeber&#8220;, der &#8211;  rechte &#8211; d\u00e4nische Ministerpr\u00e4sident Rasmussen, schraubt schon jetzt die Erwartungen kr\u00e4ftig herunter&#8230;<\/p>\n<p>Weil oben ein Flop droht, wird  von unten vom 7. bis zum 18. Dezember ein Gegengipfel veranstaltet: CLIMATE FORUM  09.  Mit einer gro\u00dfen Demo am Samstag, den 12.Dezember will die internationale Umwelt- und Sozialbewegung deutlich machen, dass sie sich mit der global organisierten Verantwortungslosigkeit nicht mehr abfindet.<\/p>\n<p>Was ist Sache in der Klimapolitik? Was genau wird in Kopenhagen vor sich gehen? Wie k\u00f6nnen wir in und von Graz aus diesen Prozess unterst\u00fctzen?<\/p>\n<p>\u00dcber diese und andere Fragen reden wir an diesem Abend mit Tord Bj\u00f6rk, einem bekannten schwedischen Umweltaktivisten.<\/p>\n<p><a href=\"F\u00fcr n\u00e4here Informationen im Voraus: http:\/\/www.climateforum09.org\/\" target=\"_blank\">F\u00fcr n\u00e4here Informationen im Voraus: http:\/\/www.climateforum09.org\/<\/a><\/p>\n<p>VeranstalterIn: Gr\u00fcne Akademie in Kooperation mit dem \u00d6sterreichischen Sozialforum\/ASF<\/p>\n","protected":false},"excerpt":{"rendered":"<p>Do 29.10., 19 Uhr, Ort: Gr\u00fcne Akademie, Am Fu\u00dfe des Schlossberges 2 Gespr\u00e4ch mit: TORD BJ\u00d6RK, einem bekannten schwedischen Umweltaktivisten, der in die Vorbereitungen des \u201eGegengipfels von unten\u201c ma\u00dfgeblich eingebunden ist. Moderation: Franz S\u00f6lkner<\/p>\n","protected":false},"author":1,"featured_media":0,"comment_status":"open","ping_status":"open","sticky":false,"template":"","format":"standard","meta":{"footnotes":""},"categories":[1],"tags":[],"class_list":["post-964","post","type-post","status-publish","format-standard","hentry","category-allgemein"],"_links":{"self":[{"href":"https:\/\/www.friedensplattform.at\/index.php?rest_route=\/wp\/v2\/posts\/964","targetHints":{"allow":["GET"]}}],"collection":[{"href":"https:\/\/www.friedensplattform.at\/index.php?rest_route=\/wp\/v2\/posts"}],"about":[{"href":"https:\/\/www.friedensplattform.at\/index.php?rest_route=\/wp\/v2\/types\/post"}],"author":[{"embeddable":true,"href":"https:\/\/www.friedensplattform.at\/index.php?rest_route=\/wp\/v2\/users\/1"}],"replies":[{"embeddable":true,"href":"https:\/\/www.friedensplattform.at\/index.php?rest_route=%2Fwp%2Fv2%2Fcomments&post=964"}],"version-history":[{"count":0,"href":"https:\/\/www.friedensplattform.at\/index.php?rest_route=\/wp\/v2\/posts\/964\/revisions"}],"wp:attachment":[{"href":"https:\/\/www.friedensplattform.at\/index.php?rest_route=%2Fwp%2Fv2%2Fmedia&parent=964"}],"wp:term":[{"taxonomy":"category","embeddable":true,"href":"https:\/\/www.friedensplattform.at\/index.php?rest_route=%2Fwp%2Fv2%2Fcategories&post=964"},{"taxonomy":"post_tag","embeddable":true,"href":"https:\/\/www.friedensplattform.at\/index.php?rest_route=%2Fwp%2Fv2%2Ftags&post=964"}],"curies":[{"name":"wp","href":"https:\/\/api.w.org\/{rel}","templated":true}]}}