{"id":968,"date":"2009-10-25T11:06:24","date_gmt":"2009-10-25T09:06:24","guid":{"rendered":"http:\/\/www.luxorbis.org\/friedensplattform.at\/?p=968"},"modified":"2009-10-25T11:06:24","modified_gmt":"2009-10-25T09:06:24","slug":"artikel-der-ag-friedensforschung-atomarer-praeventivschlag-keine-angst-mehr-vor-apokalypse","status":"publish","type":"post","link":"https:\/\/www.friedensplattform.at\/?p=968","title":{"rendered":"Artikel der AG Friedensforschung: Atomarer Pr&#228;ventivschlag: Keine Angst mehr vor Apokalypse?"},"content":{"rendered":"<p><em>Von Ilja Kramnik, RIA Novosti *<\/em><\/p>\n<p>Russlands neue Milit\u00e4rdoktrin wird die M\u00f6glichkeit von atomaren Pr\u00e4ventivschl\u00e4gen vorsehen. Diese Mitteilung ist eine der gr\u00f6\u00dften Sensationen dieser Tage.<\/p>\n<p>Welche Ver\u00e4nderungen sind im wichtigsten milit\u00e4rischen Dokument Russlands eingetragen worden? Wie ernst sind sie?<\/p>\n<p><a title=\"Uni Kassel\" href=\"http:\/\/www.uni-kassel.de\/fb5\/frieden\/regionen\/Russland\/atomwaffen.html\" target=\"_blank\">Weiterlesen auf den Seiten der Uni Kassel<\/a><\/p>\n","protected":false},"excerpt":{"rendered":"<p>Von Ilja Kramnik, RIA Novosti * Russlands neue Milit\u00e4rdoktrin wird die M\u00f6glichkeit von atomaren Pr\u00e4ventivschl\u00e4gen vorsehen. Diese Mitteilung ist eine der gr\u00f6\u00dften Sensationen dieser Tage. Welche Ver\u00e4nderungen sind im wichtigsten milit\u00e4rischen Dokument Russlands eingetragen worden? Wie ernst sind sie? Weiterlesen auf den Seiten der Uni Kassel<\/p>\n","protected":false},"author":1,"featured_media":0,"comment_status":"open","ping_status":"open","sticky":false,"template":"","format":"standard","meta":{"footnotes":""},"categories":[1],"tags":[],"class_list":["post-968","post","type-post","status-publish","format-standard","hentry","category-allgemein"],"_links":{"self":[{"href":"https:\/\/www.friedensplattform.at\/index.php?rest_route=\/wp\/v2\/posts\/968","targetHints":{"allow":["GET"]}}],"collection":[{"href":"https:\/\/www.friedensplattform.at\/index.php?rest_route=\/wp\/v2\/posts"}],"about":[{"href":"https:\/\/www.friedensplattform.at\/index.php?rest_route=\/wp\/v2\/types\/post"}],"author":[{"embeddable":true,"href":"https:\/\/www.friedensplattform.at\/index.php?rest_route=\/wp\/v2\/users\/1"}],"replies":[{"embeddable":true,"href":"https:\/\/www.friedensplattform.at\/index.php?rest_route=%2Fwp%2Fv2%2Fcomments&post=968"}],"version-history":[{"count":0,"href":"https:\/\/www.friedensplattform.at\/index.php?rest_route=\/wp\/v2\/posts\/968\/revisions"}],"wp:attachment":[{"href":"https:\/\/www.friedensplattform.at\/index.php?rest_route=%2Fwp%2Fv2%2Fmedia&parent=968"}],"wp:term":[{"taxonomy":"category","embeddable":true,"href":"https:\/\/www.friedensplattform.at\/index.php?rest_route=%2Fwp%2Fv2%2Fcategories&post=968"},{"taxonomy":"post_tag","embeddable":true,"href":"https:\/\/www.friedensplattform.at\/index.php?rest_route=%2Fwp%2Fv2%2Ftags&post=968"}],"curies":[{"name":"wp","href":"https:\/\/api.w.org\/{rel}","templated":true}]}}