{"id":970,"date":"2009-10-27T18:54:08","date_gmt":"2009-10-27T16:54:08","guid":{"rendered":"http:\/\/www.luxorbis.org\/friedensplattform.at\/?p=970"},"modified":"2009-10-27T18:54:08","modified_gmt":"2009-10-27T16:54:08","slug":"uni-proteste-wien-alle-morgen-auf-die-gross-demo-haupt-uni-17-h","status":"publish","type":"post","link":"https:\/\/www.friedensplattform.at\/?p=970","title":{"rendered":"Uni-Proteste Wien: Alle morgen auf die Gro&#223;-DEMO ! Haupt-Uni 17 h\/"},"content":{"rendered":"<p>Die StudentInnen haben mit ihren Protesten ( u.a. Besetzung einiger Universit\u00e4ten ) der &#8220; Sparpolitik&#8220; der Regierung, die den Banken die Milliarden  in den Rachen geworfen hat, die richtige Antwort gegeben. Jetz liegt es an uns, die StudentInnen in ihrem Kampf zu unterst\u00fctzen.<\/p>\n<p>Verfa\u00dft Solidarit\u00e4tsadressen! Sorgen wir daf\u00fcr , da\u00df die Studis nur der Anfang des Widerstands gegen die &#8211; Folgen der &#8211; Krise des Kapitalismus sind!<\/p>\n<p>Kommt  alle morgen zur Gro\u00df-DEMO:  Mi. 28.Oktober Haupt-Uni Wien ( Lueger &#8211; Ring ) 17h.<\/p>\n<p>Hermann Dworczak ( 0676 \/ 972 31 10 )<\/p>\n","protected":false},"excerpt":{"rendered":"<p>Die StudentInnen haben mit ihren Protesten ( u.a. Besetzung einiger Universit\u00e4ten ) der &#8220; Sparpolitik&#8220; der Regierung, die den Banken die Milliarden in den Rachen geworfen hat, die richtige Antwort gegeben. Jetz liegt es an uns, die StudentInnen in ihrem Kampf zu unterst\u00fctzen. Verfa\u00dft Solidarit\u00e4tsadressen! Sorgen wir daf\u00fcr , da\u00df die Studis nur der Anfang &hellip; <a href=\"https:\/\/www.friedensplattform.at\/?p=970\" class=\"more-link\"><span class=\"screen-reader-text\">Uni-Proteste Wien: Alle morgen auf die Gro&#223;-DEMO ! Haupt-Uni 17 h\/<\/span> weiterlesen <span class=\"meta-nav\">&rarr;<\/span><\/a><\/p>\n","protected":false},"author":1,"featured_media":0,"comment_status":"open","ping_status":"open","sticky":false,"template":"","format":"standard","meta":{"footnotes":""},"categories":[1],"tags":[],"class_list":["post-970","post","type-post","status-publish","format-standard","hentry","category-allgemein"],"_links":{"self":[{"href":"https:\/\/www.friedensplattform.at\/index.php?rest_route=\/wp\/v2\/posts\/970","targetHints":{"allow":["GET"]}}],"collection":[{"href":"https:\/\/www.friedensplattform.at\/index.php?rest_route=\/wp\/v2\/posts"}],"about":[{"href":"https:\/\/www.friedensplattform.at\/index.php?rest_route=\/wp\/v2\/types\/post"}],"author":[{"embeddable":true,"href":"https:\/\/www.friedensplattform.at\/index.php?rest_route=\/wp\/v2\/users\/1"}],"replies":[{"embeddable":true,"href":"https:\/\/www.friedensplattform.at\/index.php?rest_route=%2Fwp%2Fv2%2Fcomments&post=970"}],"version-history":[{"count":0,"href":"https:\/\/www.friedensplattform.at\/index.php?rest_route=\/wp\/v2\/posts\/970\/revisions"}],"wp:attachment":[{"href":"https:\/\/www.friedensplattform.at\/index.php?rest_route=%2Fwp%2Fv2%2Fmedia&parent=970"}],"wp:term":[{"taxonomy":"category","embeddable":true,"href":"https:\/\/www.friedensplattform.at\/index.php?rest_route=%2Fwp%2Fv2%2Fcategories&post=970"},{"taxonomy":"post_tag","embeddable":true,"href":"https:\/\/www.friedensplattform.at\/index.php?rest_route=%2Fwp%2Fv2%2Ftags&post=970"}],"curies":[{"name":"wp","href":"https:\/\/api.w.org\/{rel}","templated":true}]}}