{"id":972,"date":"2009-10-27T18:56:54","date_gmt":"2009-10-27T16:56:54","guid":{"rendered":"http:\/\/www.luxorbis.org\/friedensplattform.at\/?p=972"},"modified":"2009-10-27T18:56:54","modified_gmt":"2009-10-27T16:56:54","slug":"petition-malen-nach-zahlen-at","status":"publish","type":"post","link":"https:\/\/www.friedensplattform.at\/?p=972","title":{"rendered":"Petition: malen-nach-zahlen.at"},"content":{"rendered":"<p>Quelle: <a title=\"Petition malen nach zahlen\" href=\"http:\/\/www.malen-nach-zahlen.at\/?page_id=144\" target=\"_blank\">http:\/\/www.malen-nach-zahlen.at\/?page_id=144<\/a><\/p>\n<h3>Petition<\/h3>\n<p><em>Wir bitten Euch unsere Petition zu unterschreiben:<\/em><\/p>\n<p>1. Wir sind gegen wirtschaftsorientierte Organisationsstrukturen an Universit\u00e4ten und gegen die Privatisierung von Lehre, Forschung und Wissensproduktion. Wir fordern die staatliche Ausfinanzierung sowie die Re-Demokratisierung aller Bildungseinrichtungen und die bedingungslose Abschaffung von Studiengeb\u00fchren!<\/p>\n<p><!--more--><\/p>\n<p>2. Wir sind gegen die Pseudo-Autonomie der Universit\u00e4ten. Wir fordern die sofortige Abschaffung des \u00a78* im UG 2002! \u00a78. \u201eDie Bundesregierung kann auf Vorschlag der Bundesministerin oder des Bundesministers einer Universit\u00e4t oder mehreren Universit\u00e4ten durch Verordnung die Einrichtung eines Studiums auftragen, wenn dies aus \u00fcbergeordneten bildungspolitischen oder wissenschaftspolitischen Gr\u00fcnden erforderlich ist und keine diesbez\u00fcgliche Einigung im Rahmen einer Leistungsvereinbarung erfolgt.\u201c Wir fordern die Freiheit, Lehre und Forschung, Wissenschaft und Kunst an den Universit\u00e4ten selbstbestimmt zu definieren.<\/p>\n<p>3. Wir sind gegen die Qualit\u00e4tsbeurteilung von Wissenschaft und Kunst anhand \u00f6konomischer Kriterien. Wir sind gegen die zwangsverordnete Selbstvermarktung der Universit\u00e4ten und gegen die Wettbewerbisierung und Elitisierung der Bildungslandschaft. Wir fordern die Abschaffung von Wissensbilanzen und Leistungsvereinbarungen!<\/p>\n<p>4. Wir sind gegen die Degradierung der Universit\u00e4ten und Schulen zu arbeitsmarktorientierten Ausbildungsst\u00e4tten. Wir sind f\u00fcr selbstbestimmtes Lernen, Lehren und Forschen ohne Regulierung, Normierung, Zeit- und Leistungsdruck. F\u00fcr Bildung und Reflexion gegen Ausbildung und Reproduktion!<\/p>\n<p>5. Wir fordern die Regierung auf, Unterricht und Kunst, Wissenschaft und Forschung nicht getrennt voneinander zu denken und zu administrieren. Wir fordern die unverz\u00fcgliche Zusammenlegung der zust\u00e4ndigen Ministerien. <em>Verfasst von Lehrenden und Student_innen der Akademie der bildenden K\u00fcnste Wien.<\/em><\/p>\n<p><a title=\"Petition malen nach zahlen\" href=\"http:\/\/www.malen-nach-zahlen.at\/?page_id=144\" target=\"_blank\">Weiter zur Homepage der Petition<\/a><em><br \/>\n<\/em><\/p>\n","protected":false},"excerpt":{"rendered":"<p>Quelle: http:\/\/www.malen-nach-zahlen.at\/?page_id=144 Petition Wir bitten Euch unsere Petition zu unterschreiben: 1. Wir sind gegen wirtschaftsorientierte Organisationsstrukturen an Universit\u00e4ten und gegen die Privatisierung von Lehre, Forschung und Wissensproduktion. Wir fordern die staatliche Ausfinanzierung sowie die Re-Demokratisierung aller Bildungseinrichtungen und die bedingungslose Abschaffung von Studiengeb\u00fchren!<\/p>\n","protected":false},"author":1,"featured_media":0,"comment_status":"open","ping_status":"open","sticky":false,"template":"","format":"standard","meta":{"footnotes":""},"categories":[1],"tags":[],"class_list":["post-972","post","type-post","status-publish","format-standard","hentry","category-allgemein"],"_links":{"self":[{"href":"https:\/\/www.friedensplattform.at\/index.php?rest_route=\/wp\/v2\/posts\/972","targetHints":{"allow":["GET"]}}],"collection":[{"href":"https:\/\/www.friedensplattform.at\/index.php?rest_route=\/wp\/v2\/posts"}],"about":[{"href":"https:\/\/www.friedensplattform.at\/index.php?rest_route=\/wp\/v2\/types\/post"}],"author":[{"embeddable":true,"href":"https:\/\/www.friedensplattform.at\/index.php?rest_route=\/wp\/v2\/users\/1"}],"replies":[{"embeddable":true,"href":"https:\/\/www.friedensplattform.at\/index.php?rest_route=%2Fwp%2Fv2%2Fcomments&post=972"}],"version-history":[{"count":0,"href":"https:\/\/www.friedensplattform.at\/index.php?rest_route=\/wp\/v2\/posts\/972\/revisions"}],"wp:attachment":[{"href":"https:\/\/www.friedensplattform.at\/index.php?rest_route=%2Fwp%2Fv2%2Fmedia&parent=972"}],"wp:term":[{"taxonomy":"category","embeddable":true,"href":"https:\/\/www.friedensplattform.at\/index.php?rest_route=%2Fwp%2Fv2%2Fcategories&post=972"},{"taxonomy":"post_tag","embeddable":true,"href":"https:\/\/www.friedensplattform.at\/index.php?rest_route=%2Fwp%2Fv2%2Ftags&post=972"}],"curies":[{"name":"wp","href":"https:\/\/api.w.org\/{rel}","templated":true}]}}