{"id":977,"date":"2009-10-28T23:16:45","date_gmt":"2009-10-28T21:16:45","guid":{"rendered":"http:\/\/www.luxorbis.org\/friedensplattform.at\/?p=977"},"modified":"2009-10-28T23:16:45","modified_gmt":"2009-10-28T21:16:45","slug":"www-fr-online-de-berichtet-studentenrevolte-in-der-alpenrepublik","status":"publish","type":"post","link":"https:\/\/www.friedensplattform.at\/?p=977","title":{"rendered":"www.fr-online.de berichtet: Studentenrevolte in der Alpenrepublik"},"content":{"rendered":"<p>Von Michael Billig<\/p>\n<p>Die \u00f6sterreichische Hochschulwelt ger\u00e4t zurzeit heftig ins Wanken. In der Hauptstadt Wien sind am Mittwoch rund 10.000 Studierende f\u00fcr bessere Studienbedingungen auf die Stra\u00dfe gegangen. Die Demonstration war der vorl\u00e4ufige H\u00f6hepunkt landesweiter Proteste.<\/p>\n<p><a title=\"www.fr-online.de\" href=\"http:\/\/www.fr-online.de\/in_und_ausland\/wissen_und_bildung\/aktuell\/2045094_oesterreich-Studentenrevolte-in-der-Alpenrepublik.html\" target=\"_blank\">Weiterlesen auf den Seiten der fr-online.de<\/a><\/p>\n","protected":false},"excerpt":{"rendered":"<p>Von Michael Billig Die \u00f6sterreichische Hochschulwelt ger\u00e4t zurzeit heftig ins Wanken. In der Hauptstadt Wien sind am Mittwoch rund 10.000 Studierende f\u00fcr bessere Studienbedingungen auf die Stra\u00dfe gegangen. Die Demonstration war der vorl\u00e4ufige H\u00f6hepunkt landesweiter Proteste. Weiterlesen auf den Seiten der fr-online.de<\/p>\n","protected":false},"author":1,"featured_media":0,"comment_status":"open","ping_status":"open","sticky":false,"template":"","format":"standard","meta":{"footnotes":""},"categories":[1],"tags":[],"class_list":["post-977","post","type-post","status-publish","format-standard","hentry","category-allgemein"],"_links":{"self":[{"href":"https:\/\/www.friedensplattform.at\/index.php?rest_route=\/wp\/v2\/posts\/977","targetHints":{"allow":["GET"]}}],"collection":[{"href":"https:\/\/www.friedensplattform.at\/index.php?rest_route=\/wp\/v2\/posts"}],"about":[{"href":"https:\/\/www.friedensplattform.at\/index.php?rest_route=\/wp\/v2\/types\/post"}],"author":[{"embeddable":true,"href":"https:\/\/www.friedensplattform.at\/index.php?rest_route=\/wp\/v2\/users\/1"}],"replies":[{"embeddable":true,"href":"https:\/\/www.friedensplattform.at\/index.php?rest_route=%2Fwp%2Fv2%2Fcomments&post=977"}],"version-history":[{"count":0,"href":"https:\/\/www.friedensplattform.at\/index.php?rest_route=\/wp\/v2\/posts\/977\/revisions"}],"wp:attachment":[{"href":"https:\/\/www.friedensplattform.at\/index.php?rest_route=%2Fwp%2Fv2%2Fmedia&parent=977"}],"wp:term":[{"taxonomy":"category","embeddable":true,"href":"https:\/\/www.friedensplattform.at\/index.php?rest_route=%2Fwp%2Fv2%2Fcategories&post=977"},{"taxonomy":"post_tag","embeddable":true,"href":"https:\/\/www.friedensplattform.at\/index.php?rest_route=%2Fwp%2Fv2%2Ftags&post=977"}],"curies":[{"name":"wp","href":"https:\/\/api.w.org\/{rel}","templated":true}]}}