{"id":984,"date":"2009-11-03T22:44:14","date_gmt":"2009-11-03T20:44:14","guid":{"rendered":"http:\/\/www.luxorbis.org\/friedensplattform.at\/?p=984"},"modified":"2009-11-03T22:44:14","modified_gmt":"2009-11-03T20:44:14","slug":"artikel-auf-spiegel-online-libanon-fuerchtet-grossangriff-israels","status":"publish","type":"post","link":"https:\/\/www.friedensplattform.at\/?p=984","title":{"rendered":"Artikel auf spiegel online: Libanon f&#252;rchtet Gro&#223;angriff Israels"},"content":{"rendered":"<p>Raketen- und Artilleriefeuer, Lauschangriffe und mysteri\u00f6se Explosionen: Zwischen Israel und der libanesischen Hisbollah tobt seit Wochen ein nicht erkl\u00e4rter Krieg, der laut Beobachtern jederzeit eskalieren k\u00f6nnte. Beirut warnt: Eine israelische Gro\u00dfoffensive stehe unmittelbar bevor.<\/p>\n<p><a title=\"www.spiegel.de\" href=\"http:\/\/www.spiegel.de\/politik\/ausland\/0,1518,658529,00.html\" target=\"_blank\">Weiterlesen auf www.spiegel.de<\/a><\/p>\n","protected":false},"excerpt":{"rendered":"<p>Raketen- und Artilleriefeuer, Lauschangriffe und mysteri\u00f6se Explosionen: Zwischen Israel und der libanesischen Hisbollah tobt seit Wochen ein nicht erkl\u00e4rter Krieg, der laut Beobachtern jederzeit eskalieren k\u00f6nnte. Beirut warnt: Eine israelische Gro\u00dfoffensive stehe unmittelbar bevor. Weiterlesen auf www.spiegel.de<\/p>\n","protected":false},"author":1,"featured_media":0,"comment_status":"open","ping_status":"open","sticky":false,"template":"","format":"standard","meta":{"footnotes":""},"categories":[5],"tags":[],"class_list":["post-984","post","type-post","status-publish","format-standard","hentry","category-arabischer-raum"],"_links":{"self":[{"href":"https:\/\/www.friedensplattform.at\/index.php?rest_route=\/wp\/v2\/posts\/984","targetHints":{"allow":["GET"]}}],"collection":[{"href":"https:\/\/www.friedensplattform.at\/index.php?rest_route=\/wp\/v2\/posts"}],"about":[{"href":"https:\/\/www.friedensplattform.at\/index.php?rest_route=\/wp\/v2\/types\/post"}],"author":[{"embeddable":true,"href":"https:\/\/www.friedensplattform.at\/index.php?rest_route=\/wp\/v2\/users\/1"}],"replies":[{"embeddable":true,"href":"https:\/\/www.friedensplattform.at\/index.php?rest_route=%2Fwp%2Fv2%2Fcomments&post=984"}],"version-history":[{"count":0,"href":"https:\/\/www.friedensplattform.at\/index.php?rest_route=\/wp\/v2\/posts\/984\/revisions"}],"wp:attachment":[{"href":"https:\/\/www.friedensplattform.at\/index.php?rest_route=%2Fwp%2Fv2%2Fmedia&parent=984"}],"wp:term":[{"taxonomy":"category","embeddable":true,"href":"https:\/\/www.friedensplattform.at\/index.php?rest_route=%2Fwp%2Fv2%2Fcategories&post=984"},{"taxonomy":"post_tag","embeddable":true,"href":"https:\/\/www.friedensplattform.at\/index.php?rest_route=%2Fwp%2Fv2%2Ftags&post=984"}],"curies":[{"name":"wp","href":"https:\/\/api.w.org\/{rel}","templated":true}]}}