{"id":986,"date":"2009-11-08T21:32:22","date_gmt":"2009-11-08T19:32:22","guid":{"rendered":"http:\/\/www.luxorbis.org\/friedensplattform.at\/?p=986"},"modified":"2009-11-08T21:32:22","modified_gmt":"2009-11-08T19:32:22","slug":"vorbereitungstreff-kopenhagen-do-12-november-18h-gruene-akademie","status":"publish","type":"post","link":"https:\/\/www.friedensplattform.at\/?p=986","title":{"rendered":"Vorbereitungstreff (Kopenhagen) Do. 12. November 18h Gr&#252;ne Akademie"},"content":{"rendered":"<p>Liebe AktivistInnen,\u00a0\u00a0\u00a0\u00a0\u00a0\u00a0\u00a0\u00a0\u00a0\u00a0\u00a0\u00a0\u00a0\u00a0\u00a0\u00a0\u00a0\u00a0\u00a0\u00a0\u00a0\u00a0\u00a0\u00a0\u00a0\u00a0\u00a0\u00a0\u00a0\u00a0\u00a0\u00a0\u00a0\u00a0\u00a0\u00a0\u00a0\u00a0\u00a0\u00a0\u00a0\u00a0\u00a0\u00a0\u00a0\u00a0\u00a0\u00a0\u00a0\u00a0\u00a0\u00a0\u00a0\u00a0\u00a0\u00a0\u00a0\u00a0\u00a0\u00a0\u00a0\u00a0\u00a0\u00a0\u00a0\u00a0\u00a0\u00a0\u00a0  Graz am 5. November 2009<\/p>\n<p>Einladung zur Vorbesprechung<\/p>\n<p>Kopenhagen :KLIMAGEGENGIPFEL \u00a0Sa.12. Dezember 2009<!--more--><\/p>\n<p>Anl\u00e4sslich der vom internationalen Gegengipfel zum Kopenhagener  WELTKLIMAGIPFEL als Nachfolgetreffen des Kyoto-Abkommens organisierten  GROSSDEMONSTRATION in Kopenhagen am Sa. 12. Dezember 2009 gibt es einen Aufruf  auch in so vielen L\u00e4ndern wie m\u00f6glich Paralleldemonstrationen\/Parallelaktionen  zu organisieren.<\/p>\n<p>Daher l\u00e4dt die STEIRISCHE FRIEDENSPLATTFORM alle Organisationen,  Gruppierungen und Einzelpersonen, die an der Vorbereitung einer derartigen  Aktion f\u00fcr den 12. 12. in Graz\u00a0  zusammenwirken m\u00f6chten ein, am ersten<\/p>\n<p><strong> <\/strong><\/p>\n<p><strong>Vorbereitungstreffen am Do. 12. November in  der Gr\u00fcnen Akademie Paulustorgasse 3 erster Stock ( Bibliothek) von 18 Uhr bis  19Uhr30<\/strong><\/p>\n<p>teilzunehmen. Bei pers\u00f6nlicher Verhinderung bitten wir Euch sich um einen  Ersatz zu bem\u00fchen.<\/p>\n<p>Da wir ein Monat Vorbereitungszeit haben, sollten wir bei diesem Treffen  vor allem abkl\u00e4ren wie die Aktion(en) in Graz aussehen k\u00f6nnten und auf welcher  gemeinsamen inhaltlichen Plattform das Ganze stehen k\u00f6nnte.<\/p>\n<p>In Erwartung zahlreicher TeilnehmerInnen<\/p>\n<p>Mit freundlichen Gr\u00fc\u00dfen<\/p>\n<p>F\u00fcr die Friedensplattform: <a href=\"http:\/\/www.friedensplattform.at\/\">www.friedensplattform.at<\/a><\/p>\n<p>Johann; Franz; Veronika, Markus, Helga, Konrad, Ante,  \u2026..<\/p>\n","protected":false},"excerpt":{"rendered":"<p>Liebe AktivistInnen,\u00a0\u00a0\u00a0\u00a0\u00a0\u00a0\u00a0\u00a0\u00a0\u00a0\u00a0\u00a0\u00a0\u00a0\u00a0\u00a0\u00a0\u00a0\u00a0\u00a0\u00a0\u00a0\u00a0\u00a0\u00a0\u00a0\u00a0\u00a0\u00a0\u00a0\u00a0\u00a0\u00a0\u00a0\u00a0\u00a0\u00a0\u00a0\u00a0\u00a0\u00a0\u00a0\u00a0\u00a0\u00a0\u00a0\u00a0\u00a0\u00a0\u00a0\u00a0\u00a0\u00a0\u00a0\u00a0\u00a0\u00a0\u00a0\u00a0\u00a0\u00a0\u00a0\u00a0\u00a0\u00a0\u00a0\u00a0\u00a0\u00a0 Graz am 5. November 2009 Einladung zur Vorbesprechung Kopenhagen :KLIMAGEGENGIPFEL \u00a0Sa.12. Dezember 2009<\/p>\n","protected":false},"author":1,"featured_media":0,"comment_status":"open","ping_status":"open","sticky":false,"template":"","format":"standard","meta":{"footnotes":""},"categories":[1],"tags":[],"class_list":["post-986","post","type-post","status-publish","format-standard","hentry","category-allgemein"],"_links":{"self":[{"href":"https:\/\/www.friedensplattform.at\/index.php?rest_route=\/wp\/v2\/posts\/986","targetHints":{"allow":["GET"]}}],"collection":[{"href":"https:\/\/www.friedensplattform.at\/index.php?rest_route=\/wp\/v2\/posts"}],"about":[{"href":"https:\/\/www.friedensplattform.at\/index.php?rest_route=\/wp\/v2\/types\/post"}],"author":[{"embeddable":true,"href":"https:\/\/www.friedensplattform.at\/index.php?rest_route=\/wp\/v2\/users\/1"}],"replies":[{"embeddable":true,"href":"https:\/\/www.friedensplattform.at\/index.php?rest_route=%2Fwp%2Fv2%2Fcomments&post=986"}],"version-history":[{"count":0,"href":"https:\/\/www.friedensplattform.at\/index.php?rest_route=\/wp\/v2\/posts\/986\/revisions"}],"wp:attachment":[{"href":"https:\/\/www.friedensplattform.at\/index.php?rest_route=%2Fwp%2Fv2%2Fmedia&parent=986"}],"wp:term":[{"taxonomy":"category","embeddable":true,"href":"https:\/\/www.friedensplattform.at\/index.php?rest_route=%2Fwp%2Fv2%2Fcategories&post=986"},{"taxonomy":"post_tag","embeddable":true,"href":"https:\/\/www.friedensplattform.at\/index.php?rest_route=%2Fwp%2Fv2%2Ftags&post=986"}],"curies":[{"name":"wp","href":"https:\/\/api.w.org\/{rel}","templated":true}]}}