{"id":996,"date":"2009-11-08T21:51:39","date_gmt":"2009-11-08T19:51:39","guid":{"rendered":"http:\/\/www.luxorbis.org\/friedensplattform.at\/?p=996"},"modified":"2009-11-08T21:51:39","modified_gmt":"2009-11-08T19:51:39","slug":"artikel-der-ag-friedensforschung-deutsche-schlagkraft","status":"publish","type":"post","link":"https:\/\/www.friedensplattform.at\/?p=996","title":{"rendered":"Artikel der AG Friedensforschung: Deutsche Schlagkraft"},"content":{"rendered":"<h2>Analyse. Zum Koalitionsvertrag von CDU\/CSU und FDP. Auf dem Weg zu einer hochger\u00fcsteten Gro\u00dfmacht mit weltweiten Ambitionen<\/h2>\n<p><em>Von Wolfgang Gehrcke und Paul Sch\u00e4fer *<\/em><\/p>\n<p><a title=\"Uni Kassel\" href=\"http:\/\/www.uni-kassel.de\/fb5\/frieden\/regionen\/Deutschland\/schlagkraft.html\" target=\"_blank\">Weiterlesen auf den Seiten der Uni Kassel<\/a><em><br \/>\n<\/em><\/p>\n","protected":false},"excerpt":{"rendered":"<p>Analyse. Zum Koalitionsvertrag von CDU\/CSU und FDP. Auf dem Weg zu einer hochger\u00fcsteten Gro\u00dfmacht mit weltweiten Ambitionen Von Wolfgang Gehrcke und Paul Sch\u00e4fer * Weiterlesen auf den Seiten der Uni Kassel<\/p>\n","protected":false},"author":1,"featured_media":0,"comment_status":"open","ping_status":"open","sticky":false,"template":"","format":"standard","meta":{"footnotes":""},"categories":[1],"tags":[],"class_list":["post-996","post","type-post","status-publish","format-standard","hentry","category-allgemein"],"_links":{"self":[{"href":"https:\/\/www.friedensplattform.at\/index.php?rest_route=\/wp\/v2\/posts\/996","targetHints":{"allow":["GET"]}}],"collection":[{"href":"https:\/\/www.friedensplattform.at\/index.php?rest_route=\/wp\/v2\/posts"}],"about":[{"href":"https:\/\/www.friedensplattform.at\/index.php?rest_route=\/wp\/v2\/types\/post"}],"author":[{"embeddable":true,"href":"https:\/\/www.friedensplattform.at\/index.php?rest_route=\/wp\/v2\/users\/1"}],"replies":[{"embeddable":true,"href":"https:\/\/www.friedensplattform.at\/index.php?rest_route=%2Fwp%2Fv2%2Fcomments&post=996"}],"version-history":[{"count":0,"href":"https:\/\/www.friedensplattform.at\/index.php?rest_route=\/wp\/v2\/posts\/996\/revisions"}],"wp:attachment":[{"href":"https:\/\/www.friedensplattform.at\/index.php?rest_route=%2Fwp%2Fv2%2Fmedia&parent=996"}],"wp:term":[{"taxonomy":"category","embeddable":true,"href":"https:\/\/www.friedensplattform.at\/index.php?rest_route=%2Fwp%2Fv2%2Fcategories&post=996"},{"taxonomy":"post_tag","embeddable":true,"href":"https:\/\/www.friedensplattform.at\/index.php?rest_route=%2Fwp%2Fv2%2Ftags&post=996"}],"curies":[{"name":"wp","href":"https:\/\/api.w.org\/{rel}","templated":true}]}}